{"id":1078,"date":"2023-09-19T20:31:48","date_gmt":"2023-09-19T18:31:48","guid":{"rendered":"https:\/\/www.leprojecteurguinee.com\/?p=1078"},"modified":"2023-09-19T20:35:36","modified_gmt":"2023-09-19T18:35:36","slug":"la-guinee-sachemine-vers-une-rentree-scolaire-mouvementee","status":"publish","type":"post","link":"https:\/\/www.leprojecteurguinee.com\/index.php\/2023\/09\/19\/la-guinee-sachemine-vers-une-rentree-scolaire-mouvementee\/","title":{"rendered":"La Guin\u00e9e s&rsquo;achemine vers une rentr\u00e9e scolaire mouvement\u00e9e."},"content":{"rendered":"\n<p>La rentr\u00e9e scolaire est fix\u00e9e au mardi 03 octobre 2023. Cette ann\u00e9e, elle est menac\u00e9e par la protestation des enseignants contractuels. Ces derniers ont manifest\u00e9 ce lundi dans plusieurs villes de Guin\u00e9e pour r\u00e9clamer le paiement des arri\u00e9r\u00e9s de salaire impay\u00e9s depuis neuf (09) mois et de 12 mois d&rsquo;arri\u00e9r\u00e9s de prime d\u2019incitation impay\u00e9s.<br><br><br><br>\u00ab\u00a0Si les enseignants contractuels ne sont pas en classe, il n&rsquo;aura pas de cours \u00e0 l&rsquo;int\u00e9rieur du pays. Puisqu&rsquo;ils constituent 80 % des enseignants dans les \u00e9coles rurales et dans certaines \u00e9coles urbaines du pays \u00ab\u00a0. Pr\u00e9vient Michel P\u00e9p\u00e9 Balamou, secr\u00e9taire g\u00e9n\u00e9ral du syndicat national de l&rsquo;\u00e9ducation.<br><br>Au total, ces enseignants contractuels sont au nombre de 18 741. \u00c0 c\u00f4t\u00e9 de leurs revendications, Michel P\u00e9p\u00e9 Balamou ajoute que les n\u00e9gociations entre les groupes syndicaux et le gouvernement pi\u00e9tinent. \u00ab\u00a0Nous sommes ferme, categorique et intransigeant, tant que les 100% d&rsquo;augmentation de la valeur mon\u00e9taire du point d&rsquo;indice pour toutes les cat\u00e9gories de fonctionnaires et des pensionn\u00e9s, tant que les indemnit\u00e9s de logement et de transport ne sont pas \u00e9lev\u00e9es chacune \u00e0 hauteur de 500 000  gnf par mois, il n&rsquo;y aura pas d&rsquo;ouverture des classes\u00a0\u00bb  declare le secr\u00e9taire g\u00e9n\u00e9ral de la SNE.<br><br><br><br>Le syndicaliste \u00e9voque aussi la prime de documentation (300 000 gnf par an) des enseignants du pr\u00e9-universitaire et de l&rsquo;enseignement technique.  <\/p>\n","protected":false},"excerpt":{"rendered":"<p>La rentr\u00e9e scolaire est fix\u00e9e au mardi 03 octobre 2023. Cette ann\u00e9e, elle est menac\u00e9e par la protestation des enseignants contractuels. Ces derniers ont manifest\u00e9 ce lundi dans plusieurs villes de Guin\u00e9e pour r\u00e9clamer le paiement des arri\u00e9r\u00e9s de salaire impay\u00e9s depuis neuf (09) mois et de 12 mois d&rsquo;arri\u00e9r\u00e9s de prime d\u2019incitation impay\u00e9s. \u00ab\u00a0Si [&hellip;]<\/p>\n","protected":false},"author":1,"featured_media":1080,"comment_status":"open","ping_status":"open","sticky":false,"template":"","format":"standard","meta":{"footnotes":""},"categories":[1,20],"tags":[264,303,302],"class_list":["post-1078","post","type-post","status-publish","format-standard","has-post-thumbnail","hentry","category-blog","category-societe","tag-education","tag-pepe-balamou","tag-syndicat-de-leducation"],"yoast_head":"<!-- This site is optimized with the Yoast SEO plugin v26.8 - https:\/\/yoast.com\/product\/yoast-seo-wordpress\/ -->\n<title>La Guin\u00e9e s&#039;achemine vers une rentr\u00e9e scolaire mouvement\u00e9e. - leprojecteurguinee<\/title>\n<meta name=\"robots\" content=\"index, follow, max-snippet:-1, max-image-preview:large, max-video-preview:-1\" \/>\n<link rel=\"canonical\" href=\"https:\/\/www.leprojecteurguinee.com\/index.php\/2023\/09\/19\/la-guinee-sachemine-vers-une-rentree-scolaire-mouvementee\/\" \/>\n<meta property=\"og:locale\" content=\"fr_FR\" \/>\n<meta property=\"og:type\" content=\"article\" \/>\n<meta property=\"og:title\" content=\"La Guin\u00e9e s&#039;achemine vers une rentr\u00e9e scolaire mouvement\u00e9e. - leprojecteurguinee\" \/>\n<meta property=\"og:description\" content=\"La rentr\u00e9e scolaire est fix\u00e9e au mardi 03 octobre 2023. Cette ann\u00e9e, elle est menac\u00e9e par la protestation des enseignants contractuels. Ces derniers ont manifest\u00e9 ce lundi dans plusieurs villes de Guin\u00e9e pour r\u00e9clamer le paiement des arri\u00e9r\u00e9s de salaire impay\u00e9s depuis neuf (09) mois et de 12 mois d&rsquo;arri\u00e9r\u00e9s de prime d\u2019incitation impay\u00e9s. \u00ab\u00a0Si [&hellip;]\" \/>\n<meta property=\"og:url\" content=\"https:\/\/www.leprojecteurguinee.com\/index.php\/2023\/09\/19\/la-guinee-sachemine-vers-une-rentree-scolaire-mouvementee\/\" \/>\n<meta property=\"og:site_name\" content=\"leprojecteurguinee\" \/>\n<meta property=\"article:published_time\" content=\"2023-09-19T18:31:48+00:00\" \/>\n<meta property=\"article:modified_time\" content=\"2023-09-19T18:35:36+00:00\" \/>\n<meta property=\"og:image\" content=\"https:\/\/www.leprojecteurguinee.com\/wp-content\/uploads\/2023\/09\/michel_balamou.jpeg\" \/>\n\t<meta property=\"og:image:width\" content=\"700\" \/>\n\t<meta property=\"og:image:height\" content=\"395\" \/>\n\t<meta property=\"og:image:type\" content=\"image\/jpeg\" \/>\n<meta name=\"author\" content=\"Leprojecteurguinee\" \/>\n<meta name=\"twitter:card\" content=\"summary_large_image\" \/>\n<meta name=\"twitter:label1\" content=\"\u00c9crit par\" \/>\n\t<meta name=\"twitter:data1\" content=\"Leprojecteurguinee\" \/>\n\t<meta name=\"twitter:label2\" content=\"Dur\u00e9e de lecture estim\u00e9e\" \/>\n\t<meta name=\"twitter:data2\" content=\"1 minute\" \/>\n<script type=\"application\/ld+json\" class=\"yoast-schema-graph\">{\"@context\":\"https:\/\/schema.org\",\"@graph\":[{\"@type\":\"Article\",\"@id\":\"https:\/\/www.leprojecteurguinee.com\/index.php\/2023\/09\/19\/la-guinee-sachemine-vers-une-rentree-scolaire-mouvementee\/#article\",\"isPartOf\":{\"@id\":\"https:\/\/www.leprojecteurguinee.com\/index.php\/2023\/09\/19\/la-guinee-sachemine-vers-une-rentree-scolaire-mouvementee\/\"},\"author\":{\"name\":\"Leprojecteurguinee\",\"@id\":\"https:\/\/www.leprojecteurguinee.com\/#\/schema\/person\/389671d1a3f0c66e6c91c4a765990c1b\"},\"headline\":\"La Guin\u00e9e s&rsquo;achemine vers une rentr\u00e9e scolaire mouvement\u00e9e.\",\"datePublished\":\"2023-09-19T18:31:48+00:00\",\"dateModified\":\"2023-09-19T18:35:36+00:00\",\"mainEntityOfPage\":{\"@id\":\"https:\/\/www.leprojecteurguinee.com\/index.php\/2023\/09\/19\/la-guinee-sachemine-vers-une-rentree-scolaire-mouvementee\/\"},\"wordCount\":253,\"commentCount\":0,\"image\":{\"@id\":\"https:\/\/www.leprojecteurguinee.com\/index.php\/2023\/09\/19\/la-guinee-sachemine-vers-une-rentree-scolaire-mouvementee\/#primaryimage\"},\"thumbnailUrl\":\"https:\/\/www.leprojecteurguinee.com\/wp-content\/uploads\/2023\/09\/michel_balamou.jpeg\",\"keywords\":[\"Education\",\"P\u00e9p\u00e9 Balamou\",\"Syndicat de l'\u00e9ducation\"],\"articleSection\":[\"Blog\",\"Soci\u00e9t\u00e9\"],\"inLanguage\":\"fr-FR\",\"potentialAction\":[{\"@type\":\"CommentAction\",\"name\":\"Comment\",\"target\":[\"https:\/\/www.leprojecteurguinee.com\/index.php\/2023\/09\/19\/la-guinee-sachemine-vers-une-rentree-scolaire-mouvementee\/#respond\"]}]},{\"@type\":\"WebPage\",\"@id\":\"https:\/\/www.leprojecteurguinee.com\/index.php\/2023\/09\/19\/la-guinee-sachemine-vers-une-rentree-scolaire-mouvementee\/\",\"url\":\"https:\/\/www.leprojecteurguinee.com\/index.php\/2023\/09\/19\/la-guinee-sachemine-vers-une-rentree-scolaire-mouvementee\/\",\"name\":\"La Guin\u00e9e s'achemine vers une rentr\u00e9e scolaire mouvement\u00e9e. - leprojecteurguinee\",\"isPartOf\":{\"@id\":\"https:\/\/www.leprojecteurguinee.com\/#website\"},\"primaryImageOfPage\":{\"@id\":\"https:\/\/www.leprojecteurguinee.com\/index.php\/2023\/09\/19\/la-guinee-sachemine-vers-une-rentree-scolaire-mouvementee\/#primaryimage\"},\"image\":{\"@id\":\"https:\/\/www.leprojecteurguinee.com\/index.php\/2023\/09\/19\/la-guinee-sachemine-vers-une-rentree-scolaire-mouvementee\/#primaryimage\"},\"thumbnailUrl\":\"https:\/\/www.leprojecteurguinee.com\/wp-content\/uploads\/2023\/09\/michel_balamou.jpeg\",\"datePublished\":\"2023-09-19T18:31:48+00:00\",\"dateModified\":\"2023-09-19T18:35:36+00:00\",\"author\":{\"@id\":\"https:\/\/www.leprojecteurguinee.com\/#\/schema\/person\/389671d1a3f0c66e6c91c4a765990c1b\"},\"breadcrumb\":{\"@id\":\"https:\/\/www.leprojecteurguinee.com\/index.php\/2023\/09\/19\/la-guinee-sachemine-vers-une-rentree-scolaire-mouvementee\/#breadcrumb\"},\"inLanguage\":\"fr-FR\",\"potentialAction\":[{\"@type\":\"ReadAction\",\"target\":[\"https:\/\/www.leprojecteurguinee.com\/index.php\/2023\/09\/19\/la-guinee-sachemine-vers-une-rentree-scolaire-mouvementee\/\"]}]},{\"@type\":\"ImageObject\",\"inLanguage\":\"fr-FR\",\"@id\":\"https:\/\/www.leprojecteurguinee.com\/index.php\/2023\/09\/19\/la-guinee-sachemine-vers-une-rentree-scolaire-mouvementee\/#primaryimage\",\"url\":\"https:\/\/www.leprojecteurguinee.com\/wp-content\/uploads\/2023\/09\/michel_balamou.jpeg\",\"contentUrl\":\"https:\/\/www.leprojecteurguinee.com\/wp-content\/uploads\/2023\/09\/michel_balamou.jpeg\",\"width\":700,\"height\":395},{\"@type\":\"BreadcrumbList\",\"@id\":\"https:\/\/www.leprojecteurguinee.com\/index.php\/2023\/09\/19\/la-guinee-sachemine-vers-une-rentree-scolaire-mouvementee\/#breadcrumb\",\"itemListElement\":[{\"@type\":\"ListItem\",\"position\":1,\"name\":\"Accueil\",\"item\":\"https:\/\/www.leprojecteurguinee.com\/\"},{\"@type\":\"ListItem\",\"position\":2,\"name\":\"La Guin\u00e9e s&rsquo;achemine vers une rentr\u00e9e scolaire mouvement\u00e9e.\"}]},{\"@type\":\"WebSite\",\"@id\":\"https:\/\/www.leprojecteurguinee.com\/#website\",\"url\":\"https:\/\/www.leprojecteurguinee.com\/\",\"name\":\"leprojecteurguinee\",\"description\":\"Nous luttons contre les pratiques obscures\",\"potentialAction\":[{\"@type\":\"SearchAction\",\"target\":{\"@type\":\"EntryPoint\",\"urlTemplate\":\"https:\/\/www.leprojecteurguinee.com\/?s={search_term_string}\"},\"query-input\":{\"@type\":\"PropertyValueSpecification\",\"valueRequired\":true,\"valueName\":\"search_term_string\"}}],\"inLanguage\":\"fr-FR\"},{\"@type\":\"Person\",\"@id\":\"https:\/\/www.leprojecteurguinee.com\/#\/schema\/person\/389671d1a3f0c66e6c91c4a765990c1b\",\"name\":\"Leprojecteurguinee\",\"image\":{\"@type\":\"ImageObject\",\"inLanguage\":\"fr-FR\",\"@id\":\"https:\/\/www.leprojecteurguinee.com\/#\/schema\/person\/image\/\",\"url\":\"https:\/\/secure.gravatar.com\/avatar\/c0faa0f472c43eff99fecb0bd2a1c6782e80a162c9fcb7ed2d48bb42ea619f30?s=96&d=mm&r=g\",\"contentUrl\":\"https:\/\/secure.gravatar.com\/avatar\/c0faa0f472c43eff99fecb0bd2a1c6782e80a162c9fcb7ed2d48bb42ea619f30?s=96&d=mm&r=g\",\"caption\":\"Leprojecteurguinee\"},\"sameAs\":[\"https:\/\/www.leprojecteurguinee.com\"],\"url\":\"https:\/\/www.leprojecteurguinee.com\/index.php\/author\/madame\/\"}]}<\/script>\n<!-- \/ Yoast SEO plugin. -->","yoast_head_json":{"title":"La Guin\u00e9e s'achemine vers une rentr\u00e9e scolaire mouvement\u00e9e. - leprojecteurguinee","robots":{"index":"index","follow":"follow","max-snippet":"max-snippet:-1","max-image-preview":"max-image-preview:large","max-video-preview":"max-video-preview:-1"},"canonical":"https:\/\/www.leprojecteurguinee.com\/index.php\/2023\/09\/19\/la-guinee-sachemine-vers-une-rentree-scolaire-mouvementee\/","og_locale":"fr_FR","og_type":"article","og_title":"La Guin\u00e9e s'achemine vers une rentr\u00e9e scolaire mouvement\u00e9e. - leprojecteurguinee","og_description":"La rentr\u00e9e scolaire est fix\u00e9e au mardi 03 octobre 2023. Cette ann\u00e9e, elle est menac\u00e9e par la protestation des enseignants contractuels. Ces derniers ont manifest\u00e9 ce lundi dans plusieurs villes de Guin\u00e9e pour r\u00e9clamer le paiement des arri\u00e9r\u00e9s de salaire impay\u00e9s depuis neuf (09) mois et de 12 mois d&rsquo;arri\u00e9r\u00e9s de prime d\u2019incitation impay\u00e9s. \u00ab\u00a0Si [&hellip;]","og_url":"https:\/\/www.leprojecteurguinee.com\/index.php\/2023\/09\/19\/la-guinee-sachemine-vers-une-rentree-scolaire-mouvementee\/","og_site_name":"leprojecteurguinee","article_published_time":"2023-09-19T18:31:48+00:00","article_modified_time":"2023-09-19T18:35:36+00:00","og_image":[{"width":700,"height":395,"url":"https:\/\/www.leprojecteurguinee.com\/wp-content\/uploads\/2023\/09\/michel_balamou.jpeg","type":"image\/jpeg"}],"author":"Leprojecteurguinee","twitter_card":"summary_large_image","twitter_misc":{"\u00c9crit par":"Leprojecteurguinee","Dur\u00e9e de lecture estim\u00e9e":"1 minute"},"schema":{"@context":"https:\/\/schema.org","@graph":[{"@type":"Article","@id":"https:\/\/www.leprojecteurguinee.com\/index.php\/2023\/09\/19\/la-guinee-sachemine-vers-une-rentree-scolaire-mouvementee\/#article","isPartOf":{"@id":"https:\/\/www.leprojecteurguinee.com\/index.php\/2023\/09\/19\/la-guinee-sachemine-vers-une-rentree-scolaire-mouvementee\/"},"author":{"name":"Leprojecteurguinee","@id":"https:\/\/www.leprojecteurguinee.com\/#\/schema\/person\/389671d1a3f0c66e6c91c4a765990c1b"},"headline":"La Guin\u00e9e s&rsquo;achemine vers une rentr\u00e9e scolaire mouvement\u00e9e.","datePublished":"2023-09-19T18:31:48+00:00","dateModified":"2023-09-19T18:35:36+00:00","mainEntityOfPage":{"@id":"https:\/\/www.leprojecteurguinee.com\/index.php\/2023\/09\/19\/la-guinee-sachemine-vers-une-rentree-scolaire-mouvementee\/"},"wordCount":253,"commentCount":0,"image":{"@id":"https:\/\/www.leprojecteurguinee.com\/index.php\/2023\/09\/19\/la-guinee-sachemine-vers-une-rentree-scolaire-mouvementee\/#primaryimage"},"thumbnailUrl":"https:\/\/www.leprojecteurguinee.com\/wp-content\/uploads\/2023\/09\/michel_balamou.jpeg","keywords":["Education","P\u00e9p\u00e9 Balamou","Syndicat de l'\u00e9ducation"],"articleSection":["Blog","Soci\u00e9t\u00e9"],"inLanguage":"fr-FR","potentialAction":[{"@type":"CommentAction","name":"Comment","target":["https:\/\/www.leprojecteurguinee.com\/index.php\/2023\/09\/19\/la-guinee-sachemine-vers-une-rentree-scolaire-mouvementee\/#respond"]}]},{"@type":"WebPage","@id":"https:\/\/www.leprojecteurguinee.com\/index.php\/2023\/09\/19\/la-guinee-sachemine-vers-une-rentree-scolaire-mouvementee\/","url":"https:\/\/www.leprojecteurguinee.com\/index.php\/2023\/09\/19\/la-guinee-sachemine-vers-une-rentree-scolaire-mouvementee\/","name":"La Guin\u00e9e s'achemine vers une rentr\u00e9e scolaire mouvement\u00e9e. - leprojecteurguinee","isPartOf":{"@id":"https:\/\/www.leprojecteurguinee.com\/#website"},"primaryImageOfPage":{"@id":"https:\/\/www.leprojecteurguinee.com\/index.php\/2023\/09\/19\/la-guinee-sachemine-vers-une-rentree-scolaire-mouvementee\/#primaryimage"},"image":{"@id":"https:\/\/www.leprojecteurguinee.com\/index.php\/2023\/09\/19\/la-guinee-sachemine-vers-une-rentree-scolaire-mouvementee\/#primaryimage"},"thumbnailUrl":"https:\/\/www.leprojecteurguinee.com\/wp-content\/uploads\/2023\/09\/michel_balamou.jpeg","datePublished":"2023-09-19T18:31:48+00:00","dateModified":"2023-09-19T18:35:36+00:00","author":{"@id":"https:\/\/www.leprojecteurguinee.com\/#\/schema\/person\/389671d1a3f0c66e6c91c4a765990c1b"},"breadcrumb":{"@id":"https:\/\/www.leprojecteurguinee.com\/index.php\/2023\/09\/19\/la-guinee-sachemine-vers-une-rentree-scolaire-mouvementee\/#breadcrumb"},"inLanguage":"fr-FR","potentialAction":[{"@type":"ReadAction","target":["https:\/\/www.leprojecteurguinee.com\/index.php\/2023\/09\/19\/la-guinee-sachemine-vers-une-rentree-scolaire-mouvementee\/"]}]},{"@type":"ImageObject","inLanguage":"fr-FR","@id":"https:\/\/www.leprojecteurguinee.com\/index.php\/2023\/09\/19\/la-guinee-sachemine-vers-une-rentree-scolaire-mouvementee\/#primaryimage","url":"https:\/\/www.leprojecteurguinee.com\/wp-content\/uploads\/2023\/09\/michel_balamou.jpeg","contentUrl":"https:\/\/www.leprojecteurguinee.com\/wp-content\/uploads\/2023\/09\/michel_balamou.jpeg","width":700,"height":395},{"@type":"BreadcrumbList","@id":"https:\/\/www.leprojecteurguinee.com\/index.php\/2023\/09\/19\/la-guinee-sachemine-vers-une-rentree-scolaire-mouvementee\/#breadcrumb","itemListElement":[{"@type":"ListItem","position":1,"name":"Accueil","item":"https:\/\/www.leprojecteurguinee.com\/"},{"@type":"ListItem","position":2,"name":"La Guin\u00e9e s&rsquo;achemine vers une rentr\u00e9e scolaire mouvement\u00e9e."}]},{"@type":"WebSite","@id":"https:\/\/www.leprojecteurguinee.com\/#website","url":"https:\/\/www.leprojecteurguinee.com\/","name":"leprojecteurguinee","description":"Nous luttons contre les pratiques obscures","potentialAction":[{"@type":"SearchAction","target":{"@type":"EntryPoint","urlTemplate":"https:\/\/www.leprojecteurguinee.com\/?s={search_term_string}"},"query-input":{"@type":"PropertyValueSpecification","valueRequired":true,"valueName":"search_term_string"}}],"inLanguage":"fr-FR"},{"@type":"Person","@id":"https:\/\/www.leprojecteurguinee.com\/#\/schema\/person\/389671d1a3f0c66e6c91c4a765990c1b","name":"Leprojecteurguinee","image":{"@type":"ImageObject","inLanguage":"fr-FR","@id":"https:\/\/www.leprojecteurguinee.com\/#\/schema\/person\/image\/","url":"https:\/\/secure.gravatar.com\/avatar\/c0faa0f472c43eff99fecb0bd2a1c6782e80a162c9fcb7ed2d48bb42ea619f30?s=96&d=mm&r=g","contentUrl":"https:\/\/secure.gravatar.com\/avatar\/c0faa0f472c43eff99fecb0bd2a1c6782e80a162c9fcb7ed2d48bb42ea619f30?s=96&d=mm&r=g","caption":"Leprojecteurguinee"},"sameAs":["https:\/\/www.leprojecteurguinee.com"],"url":"https:\/\/www.leprojecteurguinee.com\/index.php\/author\/madame\/"}]}},"_links":{"self":[{"href":"https:\/\/www.leprojecteurguinee.com\/index.php\/wp-json\/wp\/v2\/posts\/1078","targetHints":{"allow":["GET"]}}],"collection":[{"href":"https:\/\/www.leprojecteurguinee.com\/index.php\/wp-json\/wp\/v2\/posts"}],"about":[{"href":"https:\/\/www.leprojecteurguinee.com\/index.php\/wp-json\/wp\/v2\/types\/post"}],"author":[{"embeddable":true,"href":"https:\/\/www.leprojecteurguinee.com\/index.php\/wp-json\/wp\/v2\/users\/1"}],"replies":[{"embeddable":true,"href":"https:\/\/www.leprojecteurguinee.com\/index.php\/wp-json\/wp\/v2\/comments?post=1078"}],"version-history":[{"count":0,"href":"https:\/\/www.leprojecteurguinee.com\/index.php\/wp-json\/wp\/v2\/posts\/1078\/revisions"}],"wp:featuredmedia":[{"embeddable":true,"href":"https:\/\/www.leprojecteurguinee.com\/index.php\/wp-json\/wp\/v2\/media\/1080"}],"wp:attachment":[{"href":"https:\/\/www.leprojecteurguinee.com\/index.php\/wp-json\/wp\/v2\/media?parent=1078"}],"wp:term":[{"taxonomy":"category","embeddable":true,"href":"https:\/\/www.leprojecteurguinee.com\/index.php\/wp-json\/wp\/v2\/categories?post=1078"},{"taxonomy":"post_tag","embeddable":true,"href":"https:\/\/www.leprojecteurguinee.com\/index.php\/wp-json\/wp\/v2\/tags?post=1078"}],"curies":[{"name":"wp","href":"https:\/\/api.w.org\/{rel}","templated":true}]}}