{"id":1066,"date":"2023-09-19T09:29:28","date_gmt":"2023-09-19T07:29:28","guid":{"rendered":"https:\/\/www.leprojecteurguinee.com\/?p=1066"},"modified":"2023-09-19T09:29:31","modified_gmt":"2023-09-19T07:29:31","slug":"la-france-suspend-les-adoptions-denfants-au-burkina-faso","status":"publish","type":"post","link":"https:\/\/www.leprojecteurguinee.com\/index.php\/2023\/09\/19\/la-france-suspend-les-adoptions-denfants-au-burkina-faso\/","title":{"rendered":"La France suspend les adoptions d&rsquo;enfants au Burkina Faso"},"content":{"rendered":"\n<p>La France a d\u00e9cid\u00e9 de suspendre les proc\u00e9dures d&rsquo;adoptions internationales concernant les enfants qui r\u00e9sident au Burkina Faso, indique un arr\u00eat\u00e9 du minist\u00e8re de l&rsquo;Europe et des Affaires \u00e9trang\u00e8res du 13 septembre, publi\u00e9 samedi au Journal Officiel.<\/p>\n\n\n\n<p>\u00ab\u00a0Toutes les proc\u00e9dures d&rsquo;adoption internationale concernant des enfants ayant leur r\u00e9sidence habituelle au Burkina Faso par toute personne r\u00e9sidant habituellement en France sont suspendues\u00a0\u00bb, selon l&rsquo;article 1 de l&rsquo;arr\u00eat\u00e9.<\/p>\n\n\n\n<p>\u00ab\u00a0Par d\u00e9rogation \u00e0 l&rsquo;article 1er, cette mesure de suspension ne s&rsquo;applique pas aux proc\u00e9dures ayant donn\u00e9 lieu, \u00e0 la date de la publication du pr\u00e9sent arr\u00eat\u00e9, \u00e0 un apparentement par l&rsquo;Autorit\u00e9 centrale burkinab\u00e8 pour la mise en \u0153uvre de la convention de La Haye du 29 mai 1993\u00a0\u00bb, pr\u00e9cise l&rsquo;article 2.<\/p>\n\n\n\n<p>\u00ab\u00a0Les familles actuellement apparent\u00e9es peuvent poursuivre leur proc\u00e9dure d&rsquo;adoption en veillant \u00e0 suivre les recommandations du minist\u00e8re de l&rsquo;Europe et des Affaires \u00c9trang\u00e8res\u00a0\u00bb, a indiqu\u00e9 lundi l&rsquo;Agence fran\u00e7aise de l&rsquo;adoption (AFA), dans un communiqu\u00e9 relay\u00e9 par la presse locale.<\/p>\n\n\n\n<p>Depuis le coup d\u2019Etat du 30 septembre 2022 au Burkina Faso et l\u2019arriv\u00e9e au pouvoir du capitaine Ibrahim Traor\u00e9, les relations diplomatiques entre Ouagadougou et Paris se sont d\u00e9grad\u00e9es.<\/p>\n\n\n\n<p>Le Burkina Faso a d\u00e9cid\u00e9, en fin de semaine derni\u00e8re, d&rsquo;expulser l&rsquo;attach\u00e9 militaire de l&rsquo;ambassade de France \u00e0 Ouagadougou, l&rsquo;accusant d'\u00a0\u00bbactivit\u00e9s subversives\u00a0\u00bb.<\/p>\n\n\n\n<p>Ouagadougou avait expuls\u00e9, en janvier 2023, l\u2019ambassadeur de France au Burkina Faso, Luc Hallade, affirmant \u00ab\u00a0ne plus avoir confiance\u00a0\u00bb en lui.<\/p>\n\n\n\n<p>En f\u00e9vrier dernier, le Burkina Faso avait \u00e9galement obtenu le d\u00e9part des 400 soldats des forces sp\u00e9ciales fran\u00e7aises, qui \u00e9taient stationn\u00e9s depuis 2010 dans la p\u00e9riph\u00e9rie nord-est de Ouagadougou.<\/p>\n","protected":false},"excerpt":{"rendered":"<p>La France a d\u00e9cid\u00e9 de suspendre les proc\u00e9dures d&rsquo;adoptions internationales concernant les enfants qui r\u00e9sident au Burkina Faso, indique un arr\u00eat\u00e9 du minist\u00e8re de l&rsquo;Europe et des Affaires \u00e9trang\u00e8res du 13 septembre, publi\u00e9 samedi au Journal Officiel. \u00ab\u00a0Toutes les proc\u00e9dures d&rsquo;adoption internationale concernant des enfants ayant leur r\u00e9sidence habituelle au Burkina Faso par toute personne [&hellip;]<\/p>\n","protected":false},"author":1,"featured_media":1067,"comment_status":"open","ping_status":"open","sticky":true,"template":"","format":"standard","meta":{"footnotes":""},"categories":[20],"tags":[141,153],"class_list":["post-1066","post","type-post","status-publish","format-standard","has-post-thumbnail","hentry","category-societe","tag-burkina-faso","tag-france"],"yoast_head":"<!-- This site is optimized with the Yoast SEO plugin v26.8 - https:\/\/yoast.com\/product\/yoast-seo-wordpress\/ -->\n<title>La France suspend les adoptions d&#039;enfants au Burkina Faso - leprojecteurguinee<\/title>\n<meta name=\"robots\" content=\"index, follow, max-snippet:-1, max-image-preview:large, max-video-preview:-1\" \/>\n<link rel=\"canonical\" href=\"https:\/\/www.leprojecteurguinee.com\/index.php\/2023\/09\/19\/la-france-suspend-les-adoptions-denfants-au-burkina-faso\/\" \/>\n<meta property=\"og:locale\" content=\"fr_FR\" \/>\n<meta property=\"og:type\" content=\"article\" \/>\n<meta property=\"og:title\" content=\"La France suspend les adoptions d&#039;enfants au Burkina Faso - leprojecteurguinee\" \/>\n<meta property=\"og:description\" content=\"La France a d\u00e9cid\u00e9 de suspendre les proc\u00e9dures d&rsquo;adoptions internationales concernant les enfants qui r\u00e9sident au Burkina Faso, indique un arr\u00eat\u00e9 du minist\u00e8re de l&rsquo;Europe et des Affaires \u00e9trang\u00e8res du 13 septembre, publi\u00e9 samedi au Journal Officiel. \u00ab\u00a0Toutes les proc\u00e9dures d&rsquo;adoption internationale concernant des enfants ayant leur r\u00e9sidence habituelle au Burkina Faso par toute personne [&hellip;]\" \/>\n<meta property=\"og:url\" content=\"https:\/\/www.leprojecteurguinee.com\/index.php\/2023\/09\/19\/la-france-suspend-les-adoptions-denfants-au-burkina-faso\/\" \/>\n<meta property=\"og:site_name\" content=\"leprojecteurguinee\" \/>\n<meta property=\"article:published_time\" content=\"2023-09-19T07:29:28+00:00\" \/>\n<meta property=\"article:modified_time\" content=\"2023-09-19T07:29:31+00:00\" \/>\n<meta property=\"og:image\" content=\"https:\/\/www.leprojecteurguinee.com\/wp-content\/uploads\/2023\/09\/thumbs_b_c_4255afe5797528e5102b0a57162d09fe.jpg\" \/>\n\t<meta property=\"og:image:width\" content=\"864\" \/>\n\t<meta property=\"og:image:height\" content=\"486\" \/>\n\t<meta property=\"og:image:type\" content=\"image\/jpeg\" \/>\n<meta name=\"author\" content=\"Leprojecteurguinee\" \/>\n<meta name=\"twitter:card\" content=\"summary_large_image\" \/>\n<meta name=\"twitter:label1\" content=\"\u00c9crit par\" \/>\n\t<meta name=\"twitter:data1\" content=\"Leprojecteurguinee\" \/>\n\t<meta name=\"twitter:label2\" content=\"Dur\u00e9e de lecture estim\u00e9e\" \/>\n\t<meta name=\"twitter:data2\" content=\"2 minutes\" \/>\n<script type=\"application\/ld+json\" class=\"yoast-schema-graph\">{\"@context\":\"https:\/\/schema.org\",\"@graph\":[{\"@type\":\"Article\",\"@id\":\"https:\/\/www.leprojecteurguinee.com\/index.php\/2023\/09\/19\/la-france-suspend-les-adoptions-denfants-au-burkina-faso\/#article\",\"isPartOf\":{\"@id\":\"https:\/\/www.leprojecteurguinee.com\/index.php\/2023\/09\/19\/la-france-suspend-les-adoptions-denfants-au-burkina-faso\/\"},\"author\":{\"name\":\"Leprojecteurguinee\",\"@id\":\"https:\/\/www.leprojecteurguinee.com\/#\/schema\/person\/389671d1a3f0c66e6c91c4a765990c1b\"},\"headline\":\"La France suspend les adoptions d&rsquo;enfants au Burkina Faso\",\"datePublished\":\"2023-09-19T07:29:28+00:00\",\"dateModified\":\"2023-09-19T07:29:31+00:00\",\"mainEntityOfPage\":{\"@id\":\"https:\/\/www.leprojecteurguinee.com\/index.php\/2023\/09\/19\/la-france-suspend-les-adoptions-denfants-au-burkina-faso\/\"},\"wordCount\":306,\"commentCount\":0,\"image\":{\"@id\":\"https:\/\/www.leprojecteurguinee.com\/index.php\/2023\/09\/19\/la-france-suspend-les-adoptions-denfants-au-burkina-faso\/#primaryimage\"},\"thumbnailUrl\":\"https:\/\/www.leprojecteurguinee.com\/wp-content\/uploads\/2023\/09\/thumbs_b_c_4255afe5797528e5102b0a57162d09fe.jpg\",\"keywords\":[\"Burkina Faso\",\"France\"],\"articleSection\":[\"Soci\u00e9t\u00e9\"],\"inLanguage\":\"fr-FR\",\"potentialAction\":[{\"@type\":\"CommentAction\",\"name\":\"Comment\",\"target\":[\"https:\/\/www.leprojecteurguinee.com\/index.php\/2023\/09\/19\/la-france-suspend-les-adoptions-denfants-au-burkina-faso\/#respond\"]}]},{\"@type\":\"WebPage\",\"@id\":\"https:\/\/www.leprojecteurguinee.com\/index.php\/2023\/09\/19\/la-france-suspend-les-adoptions-denfants-au-burkina-faso\/\",\"url\":\"https:\/\/www.leprojecteurguinee.com\/index.php\/2023\/09\/19\/la-france-suspend-les-adoptions-denfants-au-burkina-faso\/\",\"name\":\"La France suspend les adoptions d'enfants au Burkina Faso - leprojecteurguinee\",\"isPartOf\":{\"@id\":\"https:\/\/www.leprojecteurguinee.com\/#website\"},\"primaryImageOfPage\":{\"@id\":\"https:\/\/www.leprojecteurguinee.com\/index.php\/2023\/09\/19\/la-france-suspend-les-adoptions-denfants-au-burkina-faso\/#primaryimage\"},\"image\":{\"@id\":\"https:\/\/www.leprojecteurguinee.com\/index.php\/2023\/09\/19\/la-france-suspend-les-adoptions-denfants-au-burkina-faso\/#primaryimage\"},\"thumbnailUrl\":\"https:\/\/www.leprojecteurguinee.com\/wp-content\/uploads\/2023\/09\/thumbs_b_c_4255afe5797528e5102b0a57162d09fe.jpg\",\"datePublished\":\"2023-09-19T07:29:28+00:00\",\"dateModified\":\"2023-09-19T07:29:31+00:00\",\"author\":{\"@id\":\"https:\/\/www.leprojecteurguinee.com\/#\/schema\/person\/389671d1a3f0c66e6c91c4a765990c1b\"},\"breadcrumb\":{\"@id\":\"https:\/\/www.leprojecteurguinee.com\/index.php\/2023\/09\/19\/la-france-suspend-les-adoptions-denfants-au-burkina-faso\/#breadcrumb\"},\"inLanguage\":\"fr-FR\",\"potentialAction\":[{\"@type\":\"ReadAction\",\"target\":[\"https:\/\/www.leprojecteurguinee.com\/index.php\/2023\/09\/19\/la-france-suspend-les-adoptions-denfants-au-burkina-faso\/\"]}]},{\"@type\":\"ImageObject\",\"inLanguage\":\"fr-FR\",\"@id\":\"https:\/\/www.leprojecteurguinee.com\/index.php\/2023\/09\/19\/la-france-suspend-les-adoptions-denfants-au-burkina-faso\/#primaryimage\",\"url\":\"https:\/\/www.leprojecteurguinee.com\/wp-content\/uploads\/2023\/09\/thumbs_b_c_4255afe5797528e5102b0a57162d09fe.jpg\",\"contentUrl\":\"https:\/\/www.leprojecteurguinee.com\/wp-content\/uploads\/2023\/09\/thumbs_b_c_4255afe5797528e5102b0a57162d09fe.jpg\",\"width\":864,\"height\":486},{\"@type\":\"BreadcrumbList\",\"@id\":\"https:\/\/www.leprojecteurguinee.com\/index.php\/2023\/09\/19\/la-france-suspend-les-adoptions-denfants-au-burkina-faso\/#breadcrumb\",\"itemListElement\":[{\"@type\":\"ListItem\",\"position\":1,\"name\":\"Accueil\",\"item\":\"https:\/\/www.leprojecteurguinee.com\/\"},{\"@type\":\"ListItem\",\"position\":2,\"name\":\"La France suspend les adoptions d&rsquo;enfants au Burkina Faso\"}]},{\"@type\":\"WebSite\",\"@id\":\"https:\/\/www.leprojecteurguinee.com\/#website\",\"url\":\"https:\/\/www.leprojecteurguinee.com\/\",\"name\":\"leprojecteurguinee\",\"description\":\"Nous luttons contre les pratiques obscures\",\"potentialAction\":[{\"@type\":\"SearchAction\",\"target\":{\"@type\":\"EntryPoint\",\"urlTemplate\":\"https:\/\/www.leprojecteurguinee.com\/?s={search_term_string}\"},\"query-input\":{\"@type\":\"PropertyValueSpecification\",\"valueRequired\":true,\"valueName\":\"search_term_string\"}}],\"inLanguage\":\"fr-FR\"},{\"@type\":\"Person\",\"@id\":\"https:\/\/www.leprojecteurguinee.com\/#\/schema\/person\/389671d1a3f0c66e6c91c4a765990c1b\",\"name\":\"Leprojecteurguinee\",\"image\":{\"@type\":\"ImageObject\",\"inLanguage\":\"fr-FR\",\"@id\":\"https:\/\/www.leprojecteurguinee.com\/#\/schema\/person\/image\/\",\"url\":\"https:\/\/secure.gravatar.com\/avatar\/c0faa0f472c43eff99fecb0bd2a1c6782e80a162c9fcb7ed2d48bb42ea619f30?s=96&d=mm&r=g\",\"contentUrl\":\"https:\/\/secure.gravatar.com\/avatar\/c0faa0f472c43eff99fecb0bd2a1c6782e80a162c9fcb7ed2d48bb42ea619f30?s=96&d=mm&r=g\",\"caption\":\"Leprojecteurguinee\"},\"sameAs\":[\"https:\/\/www.leprojecteurguinee.com\"],\"url\":\"https:\/\/www.leprojecteurguinee.com\/index.php\/author\/madame\/\"}]}<\/script>\n<!-- \/ Yoast SEO plugin. -->","yoast_head_json":{"title":"La France suspend les adoptions d'enfants au Burkina Faso - leprojecteurguinee","robots":{"index":"index","follow":"follow","max-snippet":"max-snippet:-1","max-image-preview":"max-image-preview:large","max-video-preview":"max-video-preview:-1"},"canonical":"https:\/\/www.leprojecteurguinee.com\/index.php\/2023\/09\/19\/la-france-suspend-les-adoptions-denfants-au-burkina-faso\/","og_locale":"fr_FR","og_type":"article","og_title":"La France suspend les adoptions d'enfants au Burkina Faso - leprojecteurguinee","og_description":"La France a d\u00e9cid\u00e9 de suspendre les proc\u00e9dures d&rsquo;adoptions internationales concernant les enfants qui r\u00e9sident au Burkina Faso, indique un arr\u00eat\u00e9 du minist\u00e8re de l&rsquo;Europe et des Affaires \u00e9trang\u00e8res du 13 septembre, publi\u00e9 samedi au Journal Officiel. \u00ab\u00a0Toutes les proc\u00e9dures d&rsquo;adoption internationale concernant des enfants ayant leur r\u00e9sidence habituelle au Burkina Faso par toute personne [&hellip;]","og_url":"https:\/\/www.leprojecteurguinee.com\/index.php\/2023\/09\/19\/la-france-suspend-les-adoptions-denfants-au-burkina-faso\/","og_site_name":"leprojecteurguinee","article_published_time":"2023-09-19T07:29:28+00:00","article_modified_time":"2023-09-19T07:29:31+00:00","og_image":[{"width":864,"height":486,"url":"https:\/\/www.leprojecteurguinee.com\/wp-content\/uploads\/2023\/09\/thumbs_b_c_4255afe5797528e5102b0a57162d09fe.jpg","type":"image\/jpeg"}],"author":"Leprojecteurguinee","twitter_card":"summary_large_image","twitter_misc":{"\u00c9crit par":"Leprojecteurguinee","Dur\u00e9e de lecture estim\u00e9e":"2 minutes"},"schema":{"@context":"https:\/\/schema.org","@graph":[{"@type":"Article","@id":"https:\/\/www.leprojecteurguinee.com\/index.php\/2023\/09\/19\/la-france-suspend-les-adoptions-denfants-au-burkina-faso\/#article","isPartOf":{"@id":"https:\/\/www.leprojecteurguinee.com\/index.php\/2023\/09\/19\/la-france-suspend-les-adoptions-denfants-au-burkina-faso\/"},"author":{"name":"Leprojecteurguinee","@id":"https:\/\/www.leprojecteurguinee.com\/#\/schema\/person\/389671d1a3f0c66e6c91c4a765990c1b"},"headline":"La France suspend les adoptions d&rsquo;enfants au Burkina Faso","datePublished":"2023-09-19T07:29:28+00:00","dateModified":"2023-09-19T07:29:31+00:00","mainEntityOfPage":{"@id":"https:\/\/www.leprojecteurguinee.com\/index.php\/2023\/09\/19\/la-france-suspend-les-adoptions-denfants-au-burkina-faso\/"},"wordCount":306,"commentCount":0,"image":{"@id":"https:\/\/www.leprojecteurguinee.com\/index.php\/2023\/09\/19\/la-france-suspend-les-adoptions-denfants-au-burkina-faso\/#primaryimage"},"thumbnailUrl":"https:\/\/www.leprojecteurguinee.com\/wp-content\/uploads\/2023\/09\/thumbs_b_c_4255afe5797528e5102b0a57162d09fe.jpg","keywords":["Burkina Faso","France"],"articleSection":["Soci\u00e9t\u00e9"],"inLanguage":"fr-FR","potentialAction":[{"@type":"CommentAction","name":"Comment","target":["https:\/\/www.leprojecteurguinee.com\/index.php\/2023\/09\/19\/la-france-suspend-les-adoptions-denfants-au-burkina-faso\/#respond"]}]},{"@type":"WebPage","@id":"https:\/\/www.leprojecteurguinee.com\/index.php\/2023\/09\/19\/la-france-suspend-les-adoptions-denfants-au-burkina-faso\/","url":"https:\/\/www.leprojecteurguinee.com\/index.php\/2023\/09\/19\/la-france-suspend-les-adoptions-denfants-au-burkina-faso\/","name":"La France suspend les adoptions d'enfants au Burkina Faso - leprojecteurguinee","isPartOf":{"@id":"https:\/\/www.leprojecteurguinee.com\/#website"},"primaryImageOfPage":{"@id":"https:\/\/www.leprojecteurguinee.com\/index.php\/2023\/09\/19\/la-france-suspend-les-adoptions-denfants-au-burkina-faso\/#primaryimage"},"image":{"@id":"https:\/\/www.leprojecteurguinee.com\/index.php\/2023\/09\/19\/la-france-suspend-les-adoptions-denfants-au-burkina-faso\/#primaryimage"},"thumbnailUrl":"https:\/\/www.leprojecteurguinee.com\/wp-content\/uploads\/2023\/09\/thumbs_b_c_4255afe5797528e5102b0a57162d09fe.jpg","datePublished":"2023-09-19T07:29:28+00:00","dateModified":"2023-09-19T07:29:31+00:00","author":{"@id":"https:\/\/www.leprojecteurguinee.com\/#\/schema\/person\/389671d1a3f0c66e6c91c4a765990c1b"},"breadcrumb":{"@id":"https:\/\/www.leprojecteurguinee.com\/index.php\/2023\/09\/19\/la-france-suspend-les-adoptions-denfants-au-burkina-faso\/#breadcrumb"},"inLanguage":"fr-FR","potentialAction":[{"@type":"ReadAction","target":["https:\/\/www.leprojecteurguinee.com\/index.php\/2023\/09\/19\/la-france-suspend-les-adoptions-denfants-au-burkina-faso\/"]}]},{"@type":"ImageObject","inLanguage":"fr-FR","@id":"https:\/\/www.leprojecteurguinee.com\/index.php\/2023\/09\/19\/la-france-suspend-les-adoptions-denfants-au-burkina-faso\/#primaryimage","url":"https:\/\/www.leprojecteurguinee.com\/wp-content\/uploads\/2023\/09\/thumbs_b_c_4255afe5797528e5102b0a57162d09fe.jpg","contentUrl":"https:\/\/www.leprojecteurguinee.com\/wp-content\/uploads\/2023\/09\/thumbs_b_c_4255afe5797528e5102b0a57162d09fe.jpg","width":864,"height":486},{"@type":"BreadcrumbList","@id":"https:\/\/www.leprojecteurguinee.com\/index.php\/2023\/09\/19\/la-france-suspend-les-adoptions-denfants-au-burkina-faso\/#breadcrumb","itemListElement":[{"@type":"ListItem","position":1,"name":"Accueil","item":"https:\/\/www.leprojecteurguinee.com\/"},{"@type":"ListItem","position":2,"name":"La France suspend les adoptions d&rsquo;enfants au Burkina Faso"}]},{"@type":"WebSite","@id":"https:\/\/www.leprojecteurguinee.com\/#website","url":"https:\/\/www.leprojecteurguinee.com\/","name":"leprojecteurguinee","description":"Nous luttons contre les pratiques obscures","potentialAction":[{"@type":"SearchAction","target":{"@type":"EntryPoint","urlTemplate":"https:\/\/www.leprojecteurguinee.com\/?s={search_term_string}"},"query-input":{"@type":"PropertyValueSpecification","valueRequired":true,"valueName":"search_term_string"}}],"inLanguage":"fr-FR"},{"@type":"Person","@id":"https:\/\/www.leprojecteurguinee.com\/#\/schema\/person\/389671d1a3f0c66e6c91c4a765990c1b","name":"Leprojecteurguinee","image":{"@type":"ImageObject","inLanguage":"fr-FR","@id":"https:\/\/www.leprojecteurguinee.com\/#\/schema\/person\/image\/","url":"https:\/\/secure.gravatar.com\/avatar\/c0faa0f472c43eff99fecb0bd2a1c6782e80a162c9fcb7ed2d48bb42ea619f30?s=96&d=mm&r=g","contentUrl":"https:\/\/secure.gravatar.com\/avatar\/c0faa0f472c43eff99fecb0bd2a1c6782e80a162c9fcb7ed2d48bb42ea619f30?s=96&d=mm&r=g","caption":"Leprojecteurguinee"},"sameAs":["https:\/\/www.leprojecteurguinee.com"],"url":"https:\/\/www.leprojecteurguinee.com\/index.php\/author\/madame\/"}]}},"_links":{"self":[{"href":"https:\/\/www.leprojecteurguinee.com\/index.php\/wp-json\/wp\/v2\/posts\/1066","targetHints":{"allow":["GET"]}}],"collection":[{"href":"https:\/\/www.leprojecteurguinee.com\/index.php\/wp-json\/wp\/v2\/posts"}],"about":[{"href":"https:\/\/www.leprojecteurguinee.com\/index.php\/wp-json\/wp\/v2\/types\/post"}],"author":[{"embeddable":true,"href":"https:\/\/www.leprojecteurguinee.com\/index.php\/wp-json\/wp\/v2\/users\/1"}],"replies":[{"embeddable":true,"href":"https:\/\/www.leprojecteurguinee.com\/index.php\/wp-json\/wp\/v2\/comments?post=1066"}],"version-history":[{"count":0,"href":"https:\/\/www.leprojecteurguinee.com\/index.php\/wp-json\/wp\/v2\/posts\/1066\/revisions"}],"wp:featuredmedia":[{"embeddable":true,"href":"https:\/\/www.leprojecteurguinee.com\/index.php\/wp-json\/wp\/v2\/media\/1067"}],"wp:attachment":[{"href":"https:\/\/www.leprojecteurguinee.com\/index.php\/wp-json\/wp\/v2\/media?parent=1066"}],"wp:term":[{"taxonomy":"category","embeddable":true,"href":"https:\/\/www.leprojecteurguinee.com\/index.php\/wp-json\/wp\/v2\/categories?post=1066"},{"taxonomy":"post_tag","embeddable":true,"href":"https:\/\/www.leprojecteurguinee.com\/index.php\/wp-json\/wp\/v2\/tags?post=1066"}],"curies":[{"name":"wp","href":"https:\/\/api.w.org\/{rel}","templated":true}]}}