{"id":1060,"date":"2023-09-18T19:49:48","date_gmt":"2023-09-18T17:49:48","guid":{"rendered":"https:\/\/www.leprojecteurguinee.com\/?p=1060"},"modified":"2023-09-18T19:49:51","modified_gmt":"2023-09-18T17:49:51","slug":"livoirien-sebastien-haller-de-la-renaissance-au-doute-avec-dortmund","status":"publish","type":"post","link":"https:\/\/www.leprojecteurguinee.com\/index.php\/2023\/09\/18\/livoirien-sebastien-haller-de-la-renaissance-au-doute-avec-dortmund\/","title":{"rendered":"L\u2019Ivoirien S\u00e9bastien Haller, de la renaissance au doute avec Dortmund"},"content":{"rendered":"\n<p>Revenu de son traitement d&rsquo;un cancer, S\u00e9bastien Haller avait \u00e9t\u00e9 virevoltant en fin de saison pass\u00e9e, jusqu&rsquo;\u00e0 la derni\u00e8re journ\u00e9e o\u00f9 le titre de champion a \u00e9chapp\u00e9 au Borussia Dortmund. Aujourd&rsquo;hui, il peine \u00e0 retrouver son rythme, \u00e0 l&rsquo;image de son \u00e9quipe balbutiante<\/p>\n\n\n\n<p>Titularis\u00e9 lors de ces quatre matches du d\u00e9but du championnat, Haller ne s&rsquo;est procur\u00e9 que de rares occasions, moins bien aliment\u00e9 en ballons par le milieu de terrain de Dortmund, qui a perdu cet \u00e9t\u00e9 l&rsquo;Anglais Jude Bellingham parti au Real Madrid pour 103 millions d&rsquo;euros et dans une moindre mesure le Portugais Rapha\u00ebl Guerreiro parti libre au Bayern.<\/p>\n\n\n\n<p>R\u00e9sultat: aucun but et aucune passe d\u00e9cisive pour l\u2019ivoirien. Dans le bi-hebdomadaire kicker, il obtient la plus mauvaise note en moyenne de son \u00e9quipe sur ces quatre premiers matches.<\/p>\n\n\n\n<p>Et pour palier sa tr\u00e8s probable absence au c\u0153ur de l&rsquo;hiver, lorsque l&rsquo;international ivoirien disputera \u00e0 domicile la Coupe d&rsquo;Afrique des nations, le Borussia a recrut\u00e9 l&rsquo;Allemand Niclas F\u00fcllkrug, qui s&rsquo;annonce comme un concurrent redoutable \u00e0 la pointe de l&rsquo;attaque.<\/p>\n","protected":false},"excerpt":{"rendered":"<p>Revenu de son traitement d&rsquo;un cancer, S\u00e9bastien Haller avait \u00e9t\u00e9 virevoltant en fin de saison pass\u00e9e, jusqu&rsquo;\u00e0 la derni\u00e8re journ\u00e9e o\u00f9 le titre de champion a \u00e9chapp\u00e9 au Borussia Dortmund. Aujourd&rsquo;hui, il peine \u00e0 retrouver son rythme, \u00e0 l&rsquo;image de son \u00e9quipe balbutiante Titularis\u00e9 lors de ces quatre matches du d\u00e9but du championnat, Haller ne [&hellip;]<\/p>\n","protected":false},"author":1,"featured_media":1061,"comment_status":"open","ping_status":"open","sticky":true,"template":"","format":"standard","meta":{"footnotes":""},"categories":[6],"tags":[299,181,298],"class_list":["post-1060","post","type-post","status-publish","format-standard","has-post-thumbnail","hentry","category-sport","tag-dortmund","tag-real-madrid","tag-sebastien-haller"],"yoast_head":"<!-- This site is optimized with the Yoast SEO plugin v26.8 - https:\/\/yoast.com\/product\/yoast-seo-wordpress\/ -->\n<title>L\u2019Ivoirien S\u00e9bastien Haller, de la renaissance au doute avec Dortmund - leprojecteurguinee<\/title>\n<meta name=\"robots\" content=\"index, follow, max-snippet:-1, max-image-preview:large, max-video-preview:-1\" \/>\n<link rel=\"canonical\" href=\"https:\/\/www.leprojecteurguinee.com\/index.php\/2023\/09\/18\/livoirien-sebastien-haller-de-la-renaissance-au-doute-avec-dortmund\/\" \/>\n<meta property=\"og:locale\" content=\"fr_FR\" \/>\n<meta property=\"og:type\" content=\"article\" \/>\n<meta property=\"og:title\" content=\"L\u2019Ivoirien S\u00e9bastien Haller, de la renaissance au doute avec Dortmund - leprojecteurguinee\" \/>\n<meta property=\"og:description\" content=\"Revenu de son traitement d&rsquo;un cancer, S\u00e9bastien Haller avait \u00e9t\u00e9 virevoltant en fin de saison pass\u00e9e, jusqu&rsquo;\u00e0 la derni\u00e8re journ\u00e9e o\u00f9 le titre de champion a \u00e9chapp\u00e9 au Borussia Dortmund. Aujourd&rsquo;hui, il peine \u00e0 retrouver son rythme, \u00e0 l&rsquo;image de son \u00e9quipe balbutiante Titularis\u00e9 lors de ces quatre matches du d\u00e9but du championnat, Haller ne [&hellip;]\" \/>\n<meta property=\"og:url\" content=\"https:\/\/www.leprojecteurguinee.com\/index.php\/2023\/09\/18\/livoirien-sebastien-haller-de-la-renaissance-au-doute-avec-dortmund\/\" \/>\n<meta property=\"og:site_name\" content=\"leprojecteurguinee\" \/>\n<meta property=\"article:published_time\" content=\"2023-09-18T17:49:48+00:00\" \/>\n<meta property=\"article:modified_time\" content=\"2023-09-18T17:49:51+00:00\" \/>\n<meta property=\"og:image\" content=\"https:\/\/www.leprojecteurguinee.com\/wp-content\/uploads\/2023\/09\/3412217-69724508-2560-1440.jpg\" \/>\n\t<meta property=\"og:image:width\" content=\"1200\" \/>\n\t<meta property=\"og:image:height\" content=\"675\" \/>\n\t<meta property=\"og:image:type\" content=\"image\/jpeg\" \/>\n<meta name=\"author\" content=\"Leprojecteurguinee\" \/>\n<meta name=\"twitter:card\" content=\"summary_large_image\" \/>\n<meta name=\"twitter:label1\" content=\"\u00c9crit par\" \/>\n\t<meta name=\"twitter:data1\" content=\"Leprojecteurguinee\" \/>\n\t<meta name=\"twitter:label2\" content=\"Dur\u00e9e de lecture estim\u00e9e\" \/>\n\t<meta name=\"twitter:data2\" content=\"1 minute\" \/>\n<script type=\"application\/ld+json\" class=\"yoast-schema-graph\">{\"@context\":\"https:\/\/schema.org\",\"@graph\":[{\"@type\":\"Article\",\"@id\":\"https:\/\/www.leprojecteurguinee.com\/index.php\/2023\/09\/18\/livoirien-sebastien-haller-de-la-renaissance-au-doute-avec-dortmund\/#article\",\"isPartOf\":{\"@id\":\"https:\/\/www.leprojecteurguinee.com\/index.php\/2023\/09\/18\/livoirien-sebastien-haller-de-la-renaissance-au-doute-avec-dortmund\/\"},\"author\":{\"name\":\"Leprojecteurguinee\",\"@id\":\"https:\/\/www.leprojecteurguinee.com\/#\/schema\/person\/389671d1a3f0c66e6c91c4a765990c1b\"},\"headline\":\"L\u2019Ivoirien S\u00e9bastien Haller, de la renaissance au doute avec Dortmund\",\"datePublished\":\"2023-09-18T17:49:48+00:00\",\"dateModified\":\"2023-09-18T17:49:51+00:00\",\"mainEntityOfPage\":{\"@id\":\"https:\/\/www.leprojecteurguinee.com\/index.php\/2023\/09\/18\/livoirien-sebastien-haller-de-la-renaissance-au-doute-avec-dortmund\/\"},\"wordCount\":202,\"commentCount\":0,\"image\":{\"@id\":\"https:\/\/www.leprojecteurguinee.com\/index.php\/2023\/09\/18\/livoirien-sebastien-haller-de-la-renaissance-au-doute-avec-dortmund\/#primaryimage\"},\"thumbnailUrl\":\"https:\/\/www.leprojecteurguinee.com\/wp-content\/uploads\/2023\/09\/3412217-69724508-2560-1440.jpg\",\"keywords\":[\"Dortmund\",\"Real Madrid\",\"S\u00e9bastien Haller\"],\"articleSection\":[\"Sport\"],\"inLanguage\":\"fr-FR\",\"potentialAction\":[{\"@type\":\"CommentAction\",\"name\":\"Comment\",\"target\":[\"https:\/\/www.leprojecteurguinee.com\/index.php\/2023\/09\/18\/livoirien-sebastien-haller-de-la-renaissance-au-doute-avec-dortmund\/#respond\"]}]},{\"@type\":\"WebPage\",\"@id\":\"https:\/\/www.leprojecteurguinee.com\/index.php\/2023\/09\/18\/livoirien-sebastien-haller-de-la-renaissance-au-doute-avec-dortmund\/\",\"url\":\"https:\/\/www.leprojecteurguinee.com\/index.php\/2023\/09\/18\/livoirien-sebastien-haller-de-la-renaissance-au-doute-avec-dortmund\/\",\"name\":\"L\u2019Ivoirien S\u00e9bastien Haller, de la renaissance au doute avec Dortmund - leprojecteurguinee\",\"isPartOf\":{\"@id\":\"https:\/\/www.leprojecteurguinee.com\/#website\"},\"primaryImageOfPage\":{\"@id\":\"https:\/\/www.leprojecteurguinee.com\/index.php\/2023\/09\/18\/livoirien-sebastien-haller-de-la-renaissance-au-doute-avec-dortmund\/#primaryimage\"},\"image\":{\"@id\":\"https:\/\/www.leprojecteurguinee.com\/index.php\/2023\/09\/18\/livoirien-sebastien-haller-de-la-renaissance-au-doute-avec-dortmund\/#primaryimage\"},\"thumbnailUrl\":\"https:\/\/www.leprojecteurguinee.com\/wp-content\/uploads\/2023\/09\/3412217-69724508-2560-1440.jpg\",\"datePublished\":\"2023-09-18T17:49:48+00:00\",\"dateModified\":\"2023-09-18T17:49:51+00:00\",\"author\":{\"@id\":\"https:\/\/www.leprojecteurguinee.com\/#\/schema\/person\/389671d1a3f0c66e6c91c4a765990c1b\"},\"breadcrumb\":{\"@id\":\"https:\/\/www.leprojecteurguinee.com\/index.php\/2023\/09\/18\/livoirien-sebastien-haller-de-la-renaissance-au-doute-avec-dortmund\/#breadcrumb\"},\"inLanguage\":\"fr-FR\",\"potentialAction\":[{\"@type\":\"ReadAction\",\"target\":[\"https:\/\/www.leprojecteurguinee.com\/index.php\/2023\/09\/18\/livoirien-sebastien-haller-de-la-renaissance-au-doute-avec-dortmund\/\"]}]},{\"@type\":\"ImageObject\",\"inLanguage\":\"fr-FR\",\"@id\":\"https:\/\/www.leprojecteurguinee.com\/index.php\/2023\/09\/18\/livoirien-sebastien-haller-de-la-renaissance-au-doute-avec-dortmund\/#primaryimage\",\"url\":\"https:\/\/www.leprojecteurguinee.com\/wp-content\/uploads\/2023\/09\/3412217-69724508-2560-1440.jpg\",\"contentUrl\":\"https:\/\/www.leprojecteurguinee.com\/wp-content\/uploads\/2023\/09\/3412217-69724508-2560-1440.jpg\",\"width\":1200,\"height\":675},{\"@type\":\"BreadcrumbList\",\"@id\":\"https:\/\/www.leprojecteurguinee.com\/index.php\/2023\/09\/18\/livoirien-sebastien-haller-de-la-renaissance-au-doute-avec-dortmund\/#breadcrumb\",\"itemListElement\":[{\"@type\":\"ListItem\",\"position\":1,\"name\":\"Accueil\",\"item\":\"https:\/\/www.leprojecteurguinee.com\/\"},{\"@type\":\"ListItem\",\"position\":2,\"name\":\"L\u2019Ivoirien S\u00e9bastien Haller, de la renaissance au doute avec Dortmund\"}]},{\"@type\":\"WebSite\",\"@id\":\"https:\/\/www.leprojecteurguinee.com\/#website\",\"url\":\"https:\/\/www.leprojecteurguinee.com\/\",\"name\":\"leprojecteurguinee\",\"description\":\"Nous luttons contre les pratiques obscures\",\"potentialAction\":[{\"@type\":\"SearchAction\",\"target\":{\"@type\":\"EntryPoint\",\"urlTemplate\":\"https:\/\/www.leprojecteurguinee.com\/?s={search_term_string}\"},\"query-input\":{\"@type\":\"PropertyValueSpecification\",\"valueRequired\":true,\"valueName\":\"search_term_string\"}}],\"inLanguage\":\"fr-FR\"},{\"@type\":\"Person\",\"@id\":\"https:\/\/www.leprojecteurguinee.com\/#\/schema\/person\/389671d1a3f0c66e6c91c4a765990c1b\",\"name\":\"Leprojecteurguinee\",\"image\":{\"@type\":\"ImageObject\",\"inLanguage\":\"fr-FR\",\"@id\":\"https:\/\/www.leprojecteurguinee.com\/#\/schema\/person\/image\/\",\"url\":\"https:\/\/secure.gravatar.com\/avatar\/c0faa0f472c43eff99fecb0bd2a1c6782e80a162c9fcb7ed2d48bb42ea619f30?s=96&d=mm&r=g\",\"contentUrl\":\"https:\/\/secure.gravatar.com\/avatar\/c0faa0f472c43eff99fecb0bd2a1c6782e80a162c9fcb7ed2d48bb42ea619f30?s=96&d=mm&r=g\",\"caption\":\"Leprojecteurguinee\"},\"sameAs\":[\"https:\/\/www.leprojecteurguinee.com\"],\"url\":\"https:\/\/www.leprojecteurguinee.com\/index.php\/author\/madame\/\"}]}<\/script>\n<!-- \/ Yoast SEO plugin. -->","yoast_head_json":{"title":"L\u2019Ivoirien S\u00e9bastien Haller, de la renaissance au doute avec Dortmund - leprojecteurguinee","robots":{"index":"index","follow":"follow","max-snippet":"max-snippet:-1","max-image-preview":"max-image-preview:large","max-video-preview":"max-video-preview:-1"},"canonical":"https:\/\/www.leprojecteurguinee.com\/index.php\/2023\/09\/18\/livoirien-sebastien-haller-de-la-renaissance-au-doute-avec-dortmund\/","og_locale":"fr_FR","og_type":"article","og_title":"L\u2019Ivoirien S\u00e9bastien Haller, de la renaissance au doute avec Dortmund - leprojecteurguinee","og_description":"Revenu de son traitement d&rsquo;un cancer, S\u00e9bastien Haller avait \u00e9t\u00e9 virevoltant en fin de saison pass\u00e9e, jusqu&rsquo;\u00e0 la derni\u00e8re journ\u00e9e o\u00f9 le titre de champion a \u00e9chapp\u00e9 au Borussia Dortmund. Aujourd&rsquo;hui, il peine \u00e0 retrouver son rythme, \u00e0 l&rsquo;image de son \u00e9quipe balbutiante Titularis\u00e9 lors de ces quatre matches du d\u00e9but du championnat, Haller ne [&hellip;]","og_url":"https:\/\/www.leprojecteurguinee.com\/index.php\/2023\/09\/18\/livoirien-sebastien-haller-de-la-renaissance-au-doute-avec-dortmund\/","og_site_name":"leprojecteurguinee","article_published_time":"2023-09-18T17:49:48+00:00","article_modified_time":"2023-09-18T17:49:51+00:00","og_image":[{"width":1200,"height":675,"url":"https:\/\/www.leprojecteurguinee.com\/wp-content\/uploads\/2023\/09\/3412217-69724508-2560-1440.jpg","type":"image\/jpeg"}],"author":"Leprojecteurguinee","twitter_card":"summary_large_image","twitter_misc":{"\u00c9crit par":"Leprojecteurguinee","Dur\u00e9e de lecture estim\u00e9e":"1 minute"},"schema":{"@context":"https:\/\/schema.org","@graph":[{"@type":"Article","@id":"https:\/\/www.leprojecteurguinee.com\/index.php\/2023\/09\/18\/livoirien-sebastien-haller-de-la-renaissance-au-doute-avec-dortmund\/#article","isPartOf":{"@id":"https:\/\/www.leprojecteurguinee.com\/index.php\/2023\/09\/18\/livoirien-sebastien-haller-de-la-renaissance-au-doute-avec-dortmund\/"},"author":{"name":"Leprojecteurguinee","@id":"https:\/\/www.leprojecteurguinee.com\/#\/schema\/person\/389671d1a3f0c66e6c91c4a765990c1b"},"headline":"L\u2019Ivoirien S\u00e9bastien Haller, de la renaissance au doute avec Dortmund","datePublished":"2023-09-18T17:49:48+00:00","dateModified":"2023-09-18T17:49:51+00:00","mainEntityOfPage":{"@id":"https:\/\/www.leprojecteurguinee.com\/index.php\/2023\/09\/18\/livoirien-sebastien-haller-de-la-renaissance-au-doute-avec-dortmund\/"},"wordCount":202,"commentCount":0,"image":{"@id":"https:\/\/www.leprojecteurguinee.com\/index.php\/2023\/09\/18\/livoirien-sebastien-haller-de-la-renaissance-au-doute-avec-dortmund\/#primaryimage"},"thumbnailUrl":"https:\/\/www.leprojecteurguinee.com\/wp-content\/uploads\/2023\/09\/3412217-69724508-2560-1440.jpg","keywords":["Dortmund","Real Madrid","S\u00e9bastien Haller"],"articleSection":["Sport"],"inLanguage":"fr-FR","potentialAction":[{"@type":"CommentAction","name":"Comment","target":["https:\/\/www.leprojecteurguinee.com\/index.php\/2023\/09\/18\/livoirien-sebastien-haller-de-la-renaissance-au-doute-avec-dortmund\/#respond"]}]},{"@type":"WebPage","@id":"https:\/\/www.leprojecteurguinee.com\/index.php\/2023\/09\/18\/livoirien-sebastien-haller-de-la-renaissance-au-doute-avec-dortmund\/","url":"https:\/\/www.leprojecteurguinee.com\/index.php\/2023\/09\/18\/livoirien-sebastien-haller-de-la-renaissance-au-doute-avec-dortmund\/","name":"L\u2019Ivoirien S\u00e9bastien Haller, de la renaissance au doute avec Dortmund - leprojecteurguinee","isPartOf":{"@id":"https:\/\/www.leprojecteurguinee.com\/#website"},"primaryImageOfPage":{"@id":"https:\/\/www.leprojecteurguinee.com\/index.php\/2023\/09\/18\/livoirien-sebastien-haller-de-la-renaissance-au-doute-avec-dortmund\/#primaryimage"},"image":{"@id":"https:\/\/www.leprojecteurguinee.com\/index.php\/2023\/09\/18\/livoirien-sebastien-haller-de-la-renaissance-au-doute-avec-dortmund\/#primaryimage"},"thumbnailUrl":"https:\/\/www.leprojecteurguinee.com\/wp-content\/uploads\/2023\/09\/3412217-69724508-2560-1440.jpg","datePublished":"2023-09-18T17:49:48+00:00","dateModified":"2023-09-18T17:49:51+00:00","author":{"@id":"https:\/\/www.leprojecteurguinee.com\/#\/schema\/person\/389671d1a3f0c66e6c91c4a765990c1b"},"breadcrumb":{"@id":"https:\/\/www.leprojecteurguinee.com\/index.php\/2023\/09\/18\/livoirien-sebastien-haller-de-la-renaissance-au-doute-avec-dortmund\/#breadcrumb"},"inLanguage":"fr-FR","potentialAction":[{"@type":"ReadAction","target":["https:\/\/www.leprojecteurguinee.com\/index.php\/2023\/09\/18\/livoirien-sebastien-haller-de-la-renaissance-au-doute-avec-dortmund\/"]}]},{"@type":"ImageObject","inLanguage":"fr-FR","@id":"https:\/\/www.leprojecteurguinee.com\/index.php\/2023\/09\/18\/livoirien-sebastien-haller-de-la-renaissance-au-doute-avec-dortmund\/#primaryimage","url":"https:\/\/www.leprojecteurguinee.com\/wp-content\/uploads\/2023\/09\/3412217-69724508-2560-1440.jpg","contentUrl":"https:\/\/www.leprojecteurguinee.com\/wp-content\/uploads\/2023\/09\/3412217-69724508-2560-1440.jpg","width":1200,"height":675},{"@type":"BreadcrumbList","@id":"https:\/\/www.leprojecteurguinee.com\/index.php\/2023\/09\/18\/livoirien-sebastien-haller-de-la-renaissance-au-doute-avec-dortmund\/#breadcrumb","itemListElement":[{"@type":"ListItem","position":1,"name":"Accueil","item":"https:\/\/www.leprojecteurguinee.com\/"},{"@type":"ListItem","position":2,"name":"L\u2019Ivoirien S\u00e9bastien Haller, de la renaissance au doute avec Dortmund"}]},{"@type":"WebSite","@id":"https:\/\/www.leprojecteurguinee.com\/#website","url":"https:\/\/www.leprojecteurguinee.com\/","name":"leprojecteurguinee","description":"Nous luttons contre les pratiques obscures","potentialAction":[{"@type":"SearchAction","target":{"@type":"EntryPoint","urlTemplate":"https:\/\/www.leprojecteurguinee.com\/?s={search_term_string}"},"query-input":{"@type":"PropertyValueSpecification","valueRequired":true,"valueName":"search_term_string"}}],"inLanguage":"fr-FR"},{"@type":"Person","@id":"https:\/\/www.leprojecteurguinee.com\/#\/schema\/person\/389671d1a3f0c66e6c91c4a765990c1b","name":"Leprojecteurguinee","image":{"@type":"ImageObject","inLanguage":"fr-FR","@id":"https:\/\/www.leprojecteurguinee.com\/#\/schema\/person\/image\/","url":"https:\/\/secure.gravatar.com\/avatar\/c0faa0f472c43eff99fecb0bd2a1c6782e80a162c9fcb7ed2d48bb42ea619f30?s=96&d=mm&r=g","contentUrl":"https:\/\/secure.gravatar.com\/avatar\/c0faa0f472c43eff99fecb0bd2a1c6782e80a162c9fcb7ed2d48bb42ea619f30?s=96&d=mm&r=g","caption":"Leprojecteurguinee"},"sameAs":["https:\/\/www.leprojecteurguinee.com"],"url":"https:\/\/www.leprojecteurguinee.com\/index.php\/author\/madame\/"}]}},"_links":{"self":[{"href":"https:\/\/www.leprojecteurguinee.com\/index.php\/wp-json\/wp\/v2\/posts\/1060","targetHints":{"allow":["GET"]}}],"collection":[{"href":"https:\/\/www.leprojecteurguinee.com\/index.php\/wp-json\/wp\/v2\/posts"}],"about":[{"href":"https:\/\/www.leprojecteurguinee.com\/index.php\/wp-json\/wp\/v2\/types\/post"}],"author":[{"embeddable":true,"href":"https:\/\/www.leprojecteurguinee.com\/index.php\/wp-json\/wp\/v2\/users\/1"}],"replies":[{"embeddable":true,"href":"https:\/\/www.leprojecteurguinee.com\/index.php\/wp-json\/wp\/v2\/comments?post=1060"}],"version-history":[{"count":0,"href":"https:\/\/www.leprojecteurguinee.com\/index.php\/wp-json\/wp\/v2\/posts\/1060\/revisions"}],"wp:featuredmedia":[{"embeddable":true,"href":"https:\/\/www.leprojecteurguinee.com\/index.php\/wp-json\/wp\/v2\/media\/1061"}],"wp:attachment":[{"href":"https:\/\/www.leprojecteurguinee.com\/index.php\/wp-json\/wp\/v2\/media?parent=1060"}],"wp:term":[{"taxonomy":"category","embeddable":true,"href":"https:\/\/www.leprojecteurguinee.com\/index.php\/wp-json\/wp\/v2\/categories?post=1060"},{"taxonomy":"post_tag","embeddable":true,"href":"https:\/\/www.leprojecteurguinee.com\/index.php\/wp-json\/wp\/v2\/tags?post=1060"}],"curies":[{"name":"wp","href":"https:\/\/api.w.org\/{rel}","templated":true}]}}