{"id":1051,"date":"2023-09-18T11:00:59","date_gmt":"2023-09-18T09:00:59","guid":{"rendered":"https:\/\/www.leprojecteurguinee.com\/?p=1051"},"modified":"2023-09-18T11:01:01","modified_gmt":"2023-09-18T09:01:01","slug":"face-a-la-menace-dintervention-de-la-cedeao-au-niger-que-prevoit-lalliance-des-etats-du-sahel","status":"publish","type":"post","link":"https:\/\/www.leprojecteurguinee.com\/index.php\/2023\/09\/18\/face-a-la-menace-dintervention-de-la-cedeao-au-niger-que-prevoit-lalliance-des-etats-du-sahel\/","title":{"rendered":"Face \u00e0 la menace d\u2019intervention de la cedeao au Niger, que pr\u00e9voit l\u2019Alliance des \u00c9tats du Sahel\u00a0?"},"content":{"rendered":"\n<p>La Charte du Liptako-Gourma, une alliance de d\u00e9fense collective entre le Niger, le Mali et le Burkina Faso est entr\u00e9e en vigueur depuis sa signature par les chefs d\u2019Etats du Mali, du Burkina Faso et du Niger.<\/p>\n\n\n\n<p>C&rsquo;est le pr\u00e9sident de la transition au Mali, le colonel Assimi Go\u00efta, qui a annonc\u00e9 samedi avoir sign\u00e9 avec le pr\u00e9sident de la transition au Burkina Faso, et le pr\u00e9sident du Conseil national pour la sauvegarde de la patrie au Niger, la Charte du Liptako-Gourma instituant l\u2019Alliance des \u00c9tats du Sahel (AES).<\/p>\n\n\n\n<p>Selon Colonel Assimi Go\u00efta, &nbsp;\u00ab&nbsp;l\u2019Alliance des \u00c9tats du Sahel (AES) a &nbsp;pour objectif d\u2019\u00e9tablir une architecture de d\u00e9fense collective et d\u2019assistance mutuelle au b\u00e9n\u00e9fice de nos populations\u00bb.<\/p>\n\n\n\n<p>Pour capitaine Ibrahim Traor\u00e9, pr\u00e9sident de la transition au Burkina Faso, cette charte est une \u00e9tape d\u00e9cisive de la coop\u00e9ration entre les trois pays. \u00ab&nbsp;Pour la souverainet\u00e9 et l&rsquo;\u00e9panouissement de nos peuples, nous m\u00e8nerons la lutte contre le terrorisme dans notre espace commun, jusqu&rsquo;\u00e0 la victoire\u00a0\u00bb, a-t-il \u00e9crit.<\/p>\n\n\n\n<p>La cr\u00e9ation de cette alliance de d\u00e9fense collective entre les trois pays du Sahel intervient sur fond de tensions croissantes avec la Communaut\u00e9 \u00e9conomique des \u00c9tats de l&rsquo;Afrique de l\u2019Ouest (CEDEAO) et avec la France, ancienne puissance coloniale.<\/p>\n\n\n\n<p>Selon cette charte qui compte 17 articles, les trois pays sah\u00e9liens s&rsquo;engagent \u00e0 lutter contre le terrorisme sous toutes ses formes et la criminalit\u00e9 en bande organis\u00e9e dans l&rsquo;espace commun de l&rsquo;Alliance.<\/p>\n\n\n\n<p>\u00ab&nbsp;Toute atteinte \u00e0 la souverainet\u00e9 et \u00e0 l&rsquo;int\u00e9grit\u00e9 du territoire d&rsquo;une ou plusieurs Parties contractantes sera consid\u00e9r\u00e9e comme une agression contre les autres Parties et engagera un devoir d&rsquo;assistance et de secours de toutes les Parties, de mani\u00e8re individuelle ou collective, y compris l&#8217;emploi de la force arm\u00e9e, pour r\u00e9tablir et assurer la s\u00e9curit\u00e9 au sein de l&rsquo;espace couvert par l&rsquo;Alliance&nbsp;\u00bb, pr\u00e9voit l\u2019article 6 de la charte.<\/p>\n","protected":false},"excerpt":{"rendered":"<p>La Charte du Liptako-Gourma, une alliance de d\u00e9fense collective entre le Niger, le Mali et le Burkina Faso est entr\u00e9e en vigueur depuis sa signature par les chefs d\u2019Etats du Mali, du Burkina Faso et du Niger. C&rsquo;est le pr\u00e9sident de la transition au Mali, le colonel Assimi Go\u00efta, qui a annonc\u00e9 samedi avoir sign\u00e9 [&hellip;]<\/p>\n","protected":false},"author":1,"featured_media":1052,"comment_status":"open","ping_status":"open","sticky":true,"template":"","format":"standard","meta":{"footnotes":""},"categories":[80],"tags":[144,72,153,86,143,261],"class_list":["post-1051","post","type-post","status-publish","format-standard","has-post-thumbnail","hentry","category-politique","tag-bazoum","tag-cedeao","tag-france","tag-mali","tag-niger","tag-sahel"],"yoast_head":"<!-- This site is optimized with the Yoast SEO plugin v26.8 - https:\/\/yoast.com\/product\/yoast-seo-wordpress\/ -->\n<title>Face \u00e0 la menace d\u2019intervention de la cedeao au Niger, que pr\u00e9voit l\u2019Alliance des \u00c9tats du Sahel\u00a0? - leprojecteurguinee<\/title>\n<meta name=\"robots\" content=\"index, follow, max-snippet:-1, max-image-preview:large, max-video-preview:-1\" \/>\n<link rel=\"canonical\" href=\"https:\/\/www.leprojecteurguinee.com\/index.php\/2023\/09\/18\/face-a-la-menace-dintervention-de-la-cedeao-au-niger-que-prevoit-lalliance-des-etats-du-sahel\/\" \/>\n<meta property=\"og:locale\" content=\"fr_FR\" \/>\n<meta property=\"og:type\" content=\"article\" \/>\n<meta property=\"og:title\" content=\"Face \u00e0 la menace d\u2019intervention de la cedeao au Niger, que pr\u00e9voit l\u2019Alliance des \u00c9tats du Sahel\u00a0? - leprojecteurguinee\" \/>\n<meta property=\"og:description\" content=\"La Charte du Liptako-Gourma, une alliance de d\u00e9fense collective entre le Niger, le Mali et le Burkina Faso est entr\u00e9e en vigueur depuis sa signature par les chefs d\u2019Etats du Mali, du Burkina Faso et du Niger. C&rsquo;est le pr\u00e9sident de la transition au Mali, le colonel Assimi Go\u00efta, qui a annonc\u00e9 samedi avoir sign\u00e9 [&hellip;]\" \/>\n<meta property=\"og:url\" content=\"https:\/\/www.leprojecteurguinee.com\/index.php\/2023\/09\/18\/face-a-la-menace-dintervention-de-la-cedeao-au-niger-que-prevoit-lalliance-des-etats-du-sahel\/\" \/>\n<meta property=\"og:site_name\" content=\"leprojecteurguinee\" \/>\n<meta property=\"article:published_time\" content=\"2023-09-18T09:00:59+00:00\" \/>\n<meta property=\"article:modified_time\" content=\"2023-09-18T09:01:01+00:00\" \/>\n<meta property=\"og:image\" content=\"https:\/\/www.leprojecteurguinee.com\/wp-content\/uploads\/2023\/09\/thumbs_b_c_75d7687ff85cad1c940469237d752e7a.jpg\" \/>\n\t<meta property=\"og:image:width\" content=\"864\" \/>\n\t<meta property=\"og:image:height\" content=\"486\" \/>\n\t<meta property=\"og:image:type\" content=\"image\/jpeg\" \/>\n<meta name=\"author\" content=\"Leprojecteurguinee\" \/>\n<meta name=\"twitter:card\" content=\"summary_large_image\" \/>\n<meta name=\"twitter:label1\" content=\"\u00c9crit par\" \/>\n\t<meta name=\"twitter:data1\" content=\"Leprojecteurguinee\" \/>\n\t<meta name=\"twitter:label2\" content=\"Dur\u00e9e de lecture estim\u00e9e\" \/>\n\t<meta name=\"twitter:data2\" content=\"2 minutes\" \/>\n<script type=\"application\/ld+json\" class=\"yoast-schema-graph\">{\"@context\":\"https:\/\/schema.org\",\"@graph\":[{\"@type\":\"Article\",\"@id\":\"https:\/\/www.leprojecteurguinee.com\/index.php\/2023\/09\/18\/face-a-la-menace-dintervention-de-la-cedeao-au-niger-que-prevoit-lalliance-des-etats-du-sahel\/#article\",\"isPartOf\":{\"@id\":\"https:\/\/www.leprojecteurguinee.com\/index.php\/2023\/09\/18\/face-a-la-menace-dintervention-de-la-cedeao-au-niger-que-prevoit-lalliance-des-etats-du-sahel\/\"},\"author\":{\"name\":\"Leprojecteurguinee\",\"@id\":\"https:\/\/www.leprojecteurguinee.com\/#\/schema\/person\/389671d1a3f0c66e6c91c4a765990c1b\"},\"headline\":\"Face \u00e0 la menace d\u2019intervention de la cedeao au Niger, que pr\u00e9voit l\u2019Alliance des \u00c9tats du Sahel\u00a0?\",\"datePublished\":\"2023-09-18T09:00:59+00:00\",\"dateModified\":\"2023-09-18T09:01:01+00:00\",\"mainEntityOfPage\":{\"@id\":\"https:\/\/www.leprojecteurguinee.com\/index.php\/2023\/09\/18\/face-a-la-menace-dintervention-de-la-cedeao-au-niger-que-prevoit-lalliance-des-etats-du-sahel\/\"},\"wordCount\":366,\"commentCount\":0,\"image\":{\"@id\":\"https:\/\/www.leprojecteurguinee.com\/index.php\/2023\/09\/18\/face-a-la-menace-dintervention-de-la-cedeao-au-niger-que-prevoit-lalliance-des-etats-du-sahel\/#primaryimage\"},\"thumbnailUrl\":\"https:\/\/www.leprojecteurguinee.com\/wp-content\/uploads\/2023\/09\/thumbs_b_c_75d7687ff85cad1c940469237d752e7a.jpg\",\"keywords\":[\"Bazoum\",\"C\u00e9d\u00e9ao\",\"France\",\"Mali\",\"Niger\",\"Sahel\"],\"articleSection\":[\"Politique\"],\"inLanguage\":\"fr-FR\",\"potentialAction\":[{\"@type\":\"CommentAction\",\"name\":\"Comment\",\"target\":[\"https:\/\/www.leprojecteurguinee.com\/index.php\/2023\/09\/18\/face-a-la-menace-dintervention-de-la-cedeao-au-niger-que-prevoit-lalliance-des-etats-du-sahel\/#respond\"]}]},{\"@type\":\"WebPage\",\"@id\":\"https:\/\/www.leprojecteurguinee.com\/index.php\/2023\/09\/18\/face-a-la-menace-dintervention-de-la-cedeao-au-niger-que-prevoit-lalliance-des-etats-du-sahel\/\",\"url\":\"https:\/\/www.leprojecteurguinee.com\/index.php\/2023\/09\/18\/face-a-la-menace-dintervention-de-la-cedeao-au-niger-que-prevoit-lalliance-des-etats-du-sahel\/\",\"name\":\"Face \u00e0 la menace d\u2019intervention de la cedeao au Niger, que pr\u00e9voit l\u2019Alliance des \u00c9tats du Sahel\u00a0? - leprojecteurguinee\",\"isPartOf\":{\"@id\":\"https:\/\/www.leprojecteurguinee.com\/#website\"},\"primaryImageOfPage\":{\"@id\":\"https:\/\/www.leprojecteurguinee.com\/index.php\/2023\/09\/18\/face-a-la-menace-dintervention-de-la-cedeao-au-niger-que-prevoit-lalliance-des-etats-du-sahel\/#primaryimage\"},\"image\":{\"@id\":\"https:\/\/www.leprojecteurguinee.com\/index.php\/2023\/09\/18\/face-a-la-menace-dintervention-de-la-cedeao-au-niger-que-prevoit-lalliance-des-etats-du-sahel\/#primaryimage\"},\"thumbnailUrl\":\"https:\/\/www.leprojecteurguinee.com\/wp-content\/uploads\/2023\/09\/thumbs_b_c_75d7687ff85cad1c940469237d752e7a.jpg\",\"datePublished\":\"2023-09-18T09:00:59+00:00\",\"dateModified\":\"2023-09-18T09:01:01+00:00\",\"author\":{\"@id\":\"https:\/\/www.leprojecteurguinee.com\/#\/schema\/person\/389671d1a3f0c66e6c91c4a765990c1b\"},\"breadcrumb\":{\"@id\":\"https:\/\/www.leprojecteurguinee.com\/index.php\/2023\/09\/18\/face-a-la-menace-dintervention-de-la-cedeao-au-niger-que-prevoit-lalliance-des-etats-du-sahel\/#breadcrumb\"},\"inLanguage\":\"fr-FR\",\"potentialAction\":[{\"@type\":\"ReadAction\",\"target\":[\"https:\/\/www.leprojecteurguinee.com\/index.php\/2023\/09\/18\/face-a-la-menace-dintervention-de-la-cedeao-au-niger-que-prevoit-lalliance-des-etats-du-sahel\/\"]}]},{\"@type\":\"ImageObject\",\"inLanguage\":\"fr-FR\",\"@id\":\"https:\/\/www.leprojecteurguinee.com\/index.php\/2023\/09\/18\/face-a-la-menace-dintervention-de-la-cedeao-au-niger-que-prevoit-lalliance-des-etats-du-sahel\/#primaryimage\",\"url\":\"https:\/\/www.leprojecteurguinee.com\/wp-content\/uploads\/2023\/09\/thumbs_b_c_75d7687ff85cad1c940469237d752e7a.jpg\",\"contentUrl\":\"https:\/\/www.leprojecteurguinee.com\/wp-content\/uploads\/2023\/09\/thumbs_b_c_75d7687ff85cad1c940469237d752e7a.jpg\",\"width\":864,\"height\":486},{\"@type\":\"BreadcrumbList\",\"@id\":\"https:\/\/www.leprojecteurguinee.com\/index.php\/2023\/09\/18\/face-a-la-menace-dintervention-de-la-cedeao-au-niger-que-prevoit-lalliance-des-etats-du-sahel\/#breadcrumb\",\"itemListElement\":[{\"@type\":\"ListItem\",\"position\":1,\"name\":\"Accueil\",\"item\":\"https:\/\/www.leprojecteurguinee.com\/\"},{\"@type\":\"ListItem\",\"position\":2,\"name\":\"Face \u00e0 la menace d\u2019intervention de la cedeao au Niger, que pr\u00e9voit l\u2019Alliance des \u00c9tats du Sahel\u00a0?\"}]},{\"@type\":\"WebSite\",\"@id\":\"https:\/\/www.leprojecteurguinee.com\/#website\",\"url\":\"https:\/\/www.leprojecteurguinee.com\/\",\"name\":\"leprojecteurguinee\",\"description\":\"Nous luttons contre les pratiques obscures\",\"potentialAction\":[{\"@type\":\"SearchAction\",\"target\":{\"@type\":\"EntryPoint\",\"urlTemplate\":\"https:\/\/www.leprojecteurguinee.com\/?s={search_term_string}\"},\"query-input\":{\"@type\":\"PropertyValueSpecification\",\"valueRequired\":true,\"valueName\":\"search_term_string\"}}],\"inLanguage\":\"fr-FR\"},{\"@type\":\"Person\",\"@id\":\"https:\/\/www.leprojecteurguinee.com\/#\/schema\/person\/389671d1a3f0c66e6c91c4a765990c1b\",\"name\":\"Leprojecteurguinee\",\"image\":{\"@type\":\"ImageObject\",\"inLanguage\":\"fr-FR\",\"@id\":\"https:\/\/www.leprojecteurguinee.com\/#\/schema\/person\/image\/\",\"url\":\"https:\/\/secure.gravatar.com\/avatar\/c0faa0f472c43eff99fecb0bd2a1c6782e80a162c9fcb7ed2d48bb42ea619f30?s=96&d=mm&r=g\",\"contentUrl\":\"https:\/\/secure.gravatar.com\/avatar\/c0faa0f472c43eff99fecb0bd2a1c6782e80a162c9fcb7ed2d48bb42ea619f30?s=96&d=mm&r=g\",\"caption\":\"Leprojecteurguinee\"},\"sameAs\":[\"https:\/\/www.leprojecteurguinee.com\"],\"url\":\"https:\/\/www.leprojecteurguinee.com\/index.php\/author\/madame\/\"}]}<\/script>\n<!-- \/ Yoast SEO plugin. -->","yoast_head_json":{"title":"Face \u00e0 la menace d\u2019intervention de la cedeao au Niger, que pr\u00e9voit l\u2019Alliance des \u00c9tats du Sahel\u00a0? - leprojecteurguinee","robots":{"index":"index","follow":"follow","max-snippet":"max-snippet:-1","max-image-preview":"max-image-preview:large","max-video-preview":"max-video-preview:-1"},"canonical":"https:\/\/www.leprojecteurguinee.com\/index.php\/2023\/09\/18\/face-a-la-menace-dintervention-de-la-cedeao-au-niger-que-prevoit-lalliance-des-etats-du-sahel\/","og_locale":"fr_FR","og_type":"article","og_title":"Face \u00e0 la menace d\u2019intervention de la cedeao au Niger, que pr\u00e9voit l\u2019Alliance des \u00c9tats du Sahel\u00a0? - leprojecteurguinee","og_description":"La Charte du Liptako-Gourma, une alliance de d\u00e9fense collective entre le Niger, le Mali et le Burkina Faso est entr\u00e9e en vigueur depuis sa signature par les chefs d\u2019Etats du Mali, du Burkina Faso et du Niger. C&rsquo;est le pr\u00e9sident de la transition au Mali, le colonel Assimi Go\u00efta, qui a annonc\u00e9 samedi avoir sign\u00e9 [&hellip;]","og_url":"https:\/\/www.leprojecteurguinee.com\/index.php\/2023\/09\/18\/face-a-la-menace-dintervention-de-la-cedeao-au-niger-que-prevoit-lalliance-des-etats-du-sahel\/","og_site_name":"leprojecteurguinee","article_published_time":"2023-09-18T09:00:59+00:00","article_modified_time":"2023-09-18T09:01:01+00:00","og_image":[{"width":864,"height":486,"url":"https:\/\/www.leprojecteurguinee.com\/wp-content\/uploads\/2023\/09\/thumbs_b_c_75d7687ff85cad1c940469237d752e7a.jpg","type":"image\/jpeg"}],"author":"Leprojecteurguinee","twitter_card":"summary_large_image","twitter_misc":{"\u00c9crit par":"Leprojecteurguinee","Dur\u00e9e de lecture estim\u00e9e":"2 minutes"},"schema":{"@context":"https:\/\/schema.org","@graph":[{"@type":"Article","@id":"https:\/\/www.leprojecteurguinee.com\/index.php\/2023\/09\/18\/face-a-la-menace-dintervention-de-la-cedeao-au-niger-que-prevoit-lalliance-des-etats-du-sahel\/#article","isPartOf":{"@id":"https:\/\/www.leprojecteurguinee.com\/index.php\/2023\/09\/18\/face-a-la-menace-dintervention-de-la-cedeao-au-niger-que-prevoit-lalliance-des-etats-du-sahel\/"},"author":{"name":"Leprojecteurguinee","@id":"https:\/\/www.leprojecteurguinee.com\/#\/schema\/person\/389671d1a3f0c66e6c91c4a765990c1b"},"headline":"Face \u00e0 la menace d\u2019intervention de la cedeao au Niger, que pr\u00e9voit l\u2019Alliance des \u00c9tats du Sahel\u00a0?","datePublished":"2023-09-18T09:00:59+00:00","dateModified":"2023-09-18T09:01:01+00:00","mainEntityOfPage":{"@id":"https:\/\/www.leprojecteurguinee.com\/index.php\/2023\/09\/18\/face-a-la-menace-dintervention-de-la-cedeao-au-niger-que-prevoit-lalliance-des-etats-du-sahel\/"},"wordCount":366,"commentCount":0,"image":{"@id":"https:\/\/www.leprojecteurguinee.com\/index.php\/2023\/09\/18\/face-a-la-menace-dintervention-de-la-cedeao-au-niger-que-prevoit-lalliance-des-etats-du-sahel\/#primaryimage"},"thumbnailUrl":"https:\/\/www.leprojecteurguinee.com\/wp-content\/uploads\/2023\/09\/thumbs_b_c_75d7687ff85cad1c940469237d752e7a.jpg","keywords":["Bazoum","C\u00e9d\u00e9ao","France","Mali","Niger","Sahel"],"articleSection":["Politique"],"inLanguage":"fr-FR","potentialAction":[{"@type":"CommentAction","name":"Comment","target":["https:\/\/www.leprojecteurguinee.com\/index.php\/2023\/09\/18\/face-a-la-menace-dintervention-de-la-cedeao-au-niger-que-prevoit-lalliance-des-etats-du-sahel\/#respond"]}]},{"@type":"WebPage","@id":"https:\/\/www.leprojecteurguinee.com\/index.php\/2023\/09\/18\/face-a-la-menace-dintervention-de-la-cedeao-au-niger-que-prevoit-lalliance-des-etats-du-sahel\/","url":"https:\/\/www.leprojecteurguinee.com\/index.php\/2023\/09\/18\/face-a-la-menace-dintervention-de-la-cedeao-au-niger-que-prevoit-lalliance-des-etats-du-sahel\/","name":"Face \u00e0 la menace d\u2019intervention de la cedeao au Niger, que pr\u00e9voit l\u2019Alliance des \u00c9tats du Sahel\u00a0? - leprojecteurguinee","isPartOf":{"@id":"https:\/\/www.leprojecteurguinee.com\/#website"},"primaryImageOfPage":{"@id":"https:\/\/www.leprojecteurguinee.com\/index.php\/2023\/09\/18\/face-a-la-menace-dintervention-de-la-cedeao-au-niger-que-prevoit-lalliance-des-etats-du-sahel\/#primaryimage"},"image":{"@id":"https:\/\/www.leprojecteurguinee.com\/index.php\/2023\/09\/18\/face-a-la-menace-dintervention-de-la-cedeao-au-niger-que-prevoit-lalliance-des-etats-du-sahel\/#primaryimage"},"thumbnailUrl":"https:\/\/www.leprojecteurguinee.com\/wp-content\/uploads\/2023\/09\/thumbs_b_c_75d7687ff85cad1c940469237d752e7a.jpg","datePublished":"2023-09-18T09:00:59+00:00","dateModified":"2023-09-18T09:01:01+00:00","author":{"@id":"https:\/\/www.leprojecteurguinee.com\/#\/schema\/person\/389671d1a3f0c66e6c91c4a765990c1b"},"breadcrumb":{"@id":"https:\/\/www.leprojecteurguinee.com\/index.php\/2023\/09\/18\/face-a-la-menace-dintervention-de-la-cedeao-au-niger-que-prevoit-lalliance-des-etats-du-sahel\/#breadcrumb"},"inLanguage":"fr-FR","potentialAction":[{"@type":"ReadAction","target":["https:\/\/www.leprojecteurguinee.com\/index.php\/2023\/09\/18\/face-a-la-menace-dintervention-de-la-cedeao-au-niger-que-prevoit-lalliance-des-etats-du-sahel\/"]}]},{"@type":"ImageObject","inLanguage":"fr-FR","@id":"https:\/\/www.leprojecteurguinee.com\/index.php\/2023\/09\/18\/face-a-la-menace-dintervention-de-la-cedeao-au-niger-que-prevoit-lalliance-des-etats-du-sahel\/#primaryimage","url":"https:\/\/www.leprojecteurguinee.com\/wp-content\/uploads\/2023\/09\/thumbs_b_c_75d7687ff85cad1c940469237d752e7a.jpg","contentUrl":"https:\/\/www.leprojecteurguinee.com\/wp-content\/uploads\/2023\/09\/thumbs_b_c_75d7687ff85cad1c940469237d752e7a.jpg","width":864,"height":486},{"@type":"BreadcrumbList","@id":"https:\/\/www.leprojecteurguinee.com\/index.php\/2023\/09\/18\/face-a-la-menace-dintervention-de-la-cedeao-au-niger-que-prevoit-lalliance-des-etats-du-sahel\/#breadcrumb","itemListElement":[{"@type":"ListItem","position":1,"name":"Accueil","item":"https:\/\/www.leprojecteurguinee.com\/"},{"@type":"ListItem","position":2,"name":"Face \u00e0 la menace d\u2019intervention de la cedeao au Niger, que pr\u00e9voit l\u2019Alliance des \u00c9tats du Sahel\u00a0?"}]},{"@type":"WebSite","@id":"https:\/\/www.leprojecteurguinee.com\/#website","url":"https:\/\/www.leprojecteurguinee.com\/","name":"leprojecteurguinee","description":"Nous luttons contre les pratiques obscures","potentialAction":[{"@type":"SearchAction","target":{"@type":"EntryPoint","urlTemplate":"https:\/\/www.leprojecteurguinee.com\/?s={search_term_string}"},"query-input":{"@type":"PropertyValueSpecification","valueRequired":true,"valueName":"search_term_string"}}],"inLanguage":"fr-FR"},{"@type":"Person","@id":"https:\/\/www.leprojecteurguinee.com\/#\/schema\/person\/389671d1a3f0c66e6c91c4a765990c1b","name":"Leprojecteurguinee","image":{"@type":"ImageObject","inLanguage":"fr-FR","@id":"https:\/\/www.leprojecteurguinee.com\/#\/schema\/person\/image\/","url":"https:\/\/secure.gravatar.com\/avatar\/c0faa0f472c43eff99fecb0bd2a1c6782e80a162c9fcb7ed2d48bb42ea619f30?s=96&d=mm&r=g","contentUrl":"https:\/\/secure.gravatar.com\/avatar\/c0faa0f472c43eff99fecb0bd2a1c6782e80a162c9fcb7ed2d48bb42ea619f30?s=96&d=mm&r=g","caption":"Leprojecteurguinee"},"sameAs":["https:\/\/www.leprojecteurguinee.com"],"url":"https:\/\/www.leprojecteurguinee.com\/index.php\/author\/madame\/"}]}},"_links":{"self":[{"href":"https:\/\/www.leprojecteurguinee.com\/index.php\/wp-json\/wp\/v2\/posts\/1051","targetHints":{"allow":["GET"]}}],"collection":[{"href":"https:\/\/www.leprojecteurguinee.com\/index.php\/wp-json\/wp\/v2\/posts"}],"about":[{"href":"https:\/\/www.leprojecteurguinee.com\/index.php\/wp-json\/wp\/v2\/types\/post"}],"author":[{"embeddable":true,"href":"https:\/\/www.leprojecteurguinee.com\/index.php\/wp-json\/wp\/v2\/users\/1"}],"replies":[{"embeddable":true,"href":"https:\/\/www.leprojecteurguinee.com\/index.php\/wp-json\/wp\/v2\/comments?post=1051"}],"version-history":[{"count":0,"href":"https:\/\/www.leprojecteurguinee.com\/index.php\/wp-json\/wp\/v2\/posts\/1051\/revisions"}],"wp:featuredmedia":[{"embeddable":true,"href":"https:\/\/www.leprojecteurguinee.com\/index.php\/wp-json\/wp\/v2\/media\/1052"}],"wp:attachment":[{"href":"https:\/\/www.leprojecteurguinee.com\/index.php\/wp-json\/wp\/v2\/media?parent=1051"}],"wp:term":[{"taxonomy":"category","embeddable":true,"href":"https:\/\/www.leprojecteurguinee.com\/index.php\/wp-json\/wp\/v2\/categories?post=1051"},{"taxonomy":"post_tag","embeddable":true,"href":"https:\/\/www.leprojecteurguinee.com\/index.php\/wp-json\/wp\/v2\/tags?post=1051"}],"curies":[{"name":"wp","href":"https:\/\/api.w.org\/{rel}","templated":true}]}}